{
  "@context": "http://hub.culturegraph.org/entityfacts/context/v1/entityfacts.jsonld",
  "@id": "https://d-nb.info/gnd/143838040",
  "describedBy": {
    "valid": "2026-05-01T11:21:13Z",
    "license": "https://creativecommons.org/publicdomain/zero/1.0/",
    "@id": "https://hub.culturegraph.org/entityfacts/143838040"
  },
  "preferredName": "Hans Burkhart von Anweil",
  "surname": "Anweil",
  "prefix": "von",
  "forename": "Hans Burkhart",
  "@type": "person",
  "variantName": [
    "Burkhard von Anweil",
    "Hans Burckhard von Anweil",
    "Burkard von Anweil",
    "Hans Burkhard von Anweil",
    "Johann Burkhard von Anweil",
    "Johann Burkhart von Anweil",
    "Hans Burchard von Anweil"
  ],
  "dateOfBirth": "1531",
  "dateOfDeath": "February 10, 1593",
  "placeOfBirth": [
    {
      "@id": "https://d-nb.info/gnd/4018272-1",
      "preferredName": "Freiburg im Breisgau"
    }
  ],
  "placeOfDeath": [
    {
      "@id": "https://d-nb.info/gnd/4061147-4",
      "preferredName": "Tu\u0308bingen"
    }
  ],
  "placeOfActivity": [
    {
      "@id": "https://d-nb.info/gnd/4024574-3",
      "preferredName": "Herrenberg"
    },
    {
      "@id": "https://d-nb.info/gnd/4061147-4",
      "preferredName": "Tu\u0308bingen"
    }
  ],
  "associatedCountry": [
    {
      "@id": "https://d-nb.info/standards/vocab/gnd/geographic-area-code#XA-DE",
      "preferredName": "Deutschland"
    }
  ],
  "professionOrOccupation": [
    {
      "@id": "https://d-nb.info/gnd/4029050-5",
      "preferredName": "Jurist"
    },
    {
      "@id": "https://d-nb.info/gnd/4049923-6",
      "preferredName": "Richter"
    },
    {
      "@id": "https://d-nb.info/gnd/4188496-6",
      "preferredName": "Vogt"
    },
    {
      "@id": "https://d-nb.info/gnd/4160419-2",
      "preferredName": "Hofrat"
    }
  ],
  "gender": {
    "@id": "https://d-nb.info/standards/vocab/gnd/gender#male",
    "label": "Mann"
  },
  "biographicalOrHistoricalInformation": "Student in Tu\u0308bingen (1561 imm.); fu\u0308rstl.-wu\u0308rttembergischer Oberrat; Hofrichter (1576-1579, 1585/86, 1589/90) in Tu\u0308bingen; Obervogt der Stadt Herrenberg",
  "familialRelationship": [
    {
      "@id": "https://d-nb.info/gnd/1012154890",
      "relationship": "Vater",
      "preferredName": "Johann Albrecht von Anweil"
    },
    {
      "@id": "https://d-nb.info/gnd/1077655800",
      "relationship": "Sohn",
      "preferredName": "Ludwig Friedrich von Anweil"
    },
    {
      "@id": "https://d-nb.info/gnd/119607883",
      "relationship": "Sohn",
      "preferredName": "Johann Albrecht von Anweil"
    }
  ],
  "depiction": {
    "@id": "https://commons.wikimedia.org/wiki/Special:FilePath/HU%20Alt%20-%20Hans%20Burkhard%20von%20Anweil%20um%201585%20%28FSWF73%29.jpg",
    "publisher": "Wikimedia Commons",
    "copyrighted": "false",
    "creator": [
      "Hans Ulrich Alt"
    ],
    "creditText": [
      "Hansmartin Decker-Hauff: Das Anweiler-Portr\u00e4t des W\u00fcrttembergischen Landesmuseum. In: Beitr\u00e4ge zur Schw\u00e4bischen Kunstgeschichte. Festschrift zum 60. Geburtstag von Werner Fleischhauer, Konstanz&nbsp;: Jan Thorbecke Verlag 1964"
    ],
    "license": [
      {
        "@id": "https://creativecommons.org/publicdomain/mark/1.0/",
        "abbr": "PD",
        "name": "Public Domain",
        "attributionRequired": "false",
        "restrictions": ""
      }
    ],
    "url": "https://commons.wikimedia.org/wiki/File:HU%20Alt%20-%20Hans%20Burkhard%20von%20Anweil%20um%201585%20%28FSWF73%29.jpg?uselang=en",
    "thumbnail": {
      "@id": "https://commons.wikimedia.org/wiki/Special:FilePath/HU%20Alt%20-%20Hans%20Burkhard%20von%20Anweil%20um%201585%20%28FSWF73%29.jpg?width=270"
    }
  },
  "sameAs": [
    {
      "@id": "https://d-nb.info/gnd/143838040/about",
      "collection": {
        "abbr": "DNB",
        "name": "Gemeinsame Normdatei (GND) im Katalog der Deutschen Nationalbibliothek",
        "publisher": "Deutsche Nationalbibliothek",
        "icon": "https://www.dnb.de/SiteGlobals/Frontend/DNBWeb/Images/favicon.png?__blob=normal&v=4"
      }
    },
    {
      "@id": "https://de.wikipedia.org/wiki/Hans_Burkhard_von_Anweil",
      "collection": {
        "abbr": "dewiki",
        "name": "Wikipedia (Deutsch)",
        "publisher": "Wikimedia Foundation Inc.",
        "icon": "https://de.wikipedia.org/static/favicon/wikipedia.ico"
      }
    },
    {
      "@id": "https://kalliope-verbund.info/gnd/143838040",
      "collection": {
        "abbr": "DE-611",
        "name": "Kalliope Verbundkatalog",
        "publisher": "Staatsbibliothek zu Berlin - Preu\u00dfischer Kulturbesitz",
        "icon": "https://kalliope-verbund.info/img/favicon.ico"
      }
    },
    {
      "@id": "https://raa.gf-franken.de/de/suche-nach-stammbuechern.html?permaLink=1556_anweil",
      "collection": {
        "abbr": "RAAS",
        "name": "Repertorium Alborum Amicorum (RAA) - Stammb\u00fccher",
        "publisher": "Department Germanistik und Komparatistik der Friedrich-Alexander-Universit\u00e4t Erlangen-N\u00fcrnberg in Zusammenarbeit mit der Gesellschaft f\u00fcr Familienforschung in Franken",
        "icon": "https://www.gf-franken.de/favicon.ico"
      }
    },
    {
      "@id": "https://www.archivportal-d.de/person/gnd/143838040",
      "collection": {
        "abbr": "ARCHIV-D",
        "name": "Archivportal-D",
        "publisher": "Deutsche Digitale Bibliothek",
        "icon": "https://www.archivportal-d.de/favicon.ico"
      }
    },
    {
      "@id": "https://www.deutsche-digitale-bibliothek.de/person/gnd/143838040",
      "collection": {
        "abbr": "DDB",
        "name": "Deutsche Digitale Bibliothek",
        "publisher": "Deutsche Digitale Bibliothek",
        "icon": "https://www.deutsche-digitale-bibliothek.de/favicon.ico"
      }
    },
    {
      "@id": "http://viaf.org/viaf/169307955",
      "collection": {
        "abbr": "VIAF",
        "name": "Virtual International Authority File (VIAF)",
        "publisher": "OCLC",
        "icon": "https://viaf.org/viaf/images/viaf.ico"
      }
    },
    {
      "@id": "http://www.wikidata.org/entity/Q15819350",
      "collection": {
        "abbr": "WIKIDATA",
        "name": "Wikidata",
        "publisher": "Wikimedia Foundation Inc.",
        "icon": "https://www.wikidata.org/static/favicon/wikidata.ico"
      }
    },
    {
      "@id": "https://isni.org/isni/000000011826431X",
      "collection": {
        "abbr": "ISNI",
        "name": "International Standard Name Identifier (ISNI)",
        "publisher": "International Standard Name Identifier (ISNI)",
        "icon": "https://www.isni.org/sites/default/files/isni_new_favicon.ico"
      }
    }
  ]
}