{
  "@context": "http://hub.culturegraph.org/entityfacts/context/v1/entityfacts.jsonld",
  "@id": "https://d-nb.info/gnd/132707934",
  "describedBy": {
    "valid": "2026-04-30T01:51:14Z",
    "license": "https://creativecommons.org/publicdomain/zero/1.0/",
    "@id": "https://hub.culturegraph.org/entityfacts/132707934"
  },
  "preferredName": "Adam Wilhelm Strau\u00df",
  "surname": "Strau\u00df",
  "forename": "Adam Wilhelm",
  "@type": "person",
  "variantName": [
    "Adam-Wilhelm Strau\u00df",
    "Adam Wilhelm Strauss",
    "Adamus Wilhelmus Straussius",
    "Adamus Wilhelmus Strau\u00df",
    "Adam Wilhelm Straus",
    "Adam Wilhelmus Straus"
  ],
  "dateOfBirth": "March 7, 1581",
  "dateOfDeath": "December 31, 1613",
  "placeOfBirth": [
    {
      "@id": "https://d-nb.info/gnd/4038453-6",
      "preferredName": "Meiningen"
    }
  ],
  "placeOfDeath": [
    {
      "@id": "https://d-nb.info/gnd/4038453-6",
      "preferredName": "Meiningen"
    }
  ],
  "associatedCountry": [
    {
      "@id": "https://d-nb.info/standards/vocab/gnd/geographic-area-code#XA-DE",
      "preferredName": "Deutschland"
    }
  ],
  "professionOrOccupation": [
    {
      "@id": "https://d-nb.info/gnd/4029050-5",
      "preferredName": "Jurist"
    }
  ],
  "biographicalOrHistoricalInformation": "Herzogl. Kanzleisekreta\u0308r fu\u0308r die Grafschaft Henneberg in Meiningen",
  "relatedPerson": [
    {
      "relationship": "VD-16 Mitverf.",
      "preferredName": "Lukas Richter"
    },
    {
      "relationship": "VD-16 Mitverf.",
      "preferredName": "Paul Cellarius"
    },
    {
      "@id": "https://d-nb.info/gnd/124256686",
      "relationship": "VD-16 Mitverf.",
      "preferredName": "Zacharias Scheffter"
    },
    {
      "@id": "https://d-nb.info/gnd/10425193X",
      "relationship": "VD-16 Mitverf.",
      "preferredName": "Adolar Quetz"
    },
    {
      "relationship": "VD-16 Mitverf.",
      "preferredName": "Nikolaus Rost"
    },
    {
      "@id": "https://d-nb.info/gnd/126789290",
      "relationship": "VD-16 Mitverf.",
      "preferredName": "Georg Adam Brunner"
    },
    {
      "@id": "https://d-nb.info/gnd/118114751",
      "relationship": "VD-16 Mitverf.",
      "preferredName": "Friedrich Berger"
    },
    {
      "@id": "https://d-nb.info/gnd/119837234",
      "relationship": "VD-16 Mitverf.",
      "preferredName": "Ernst Starck"
    },
    {
      "relationship": "Rostock; VD-16 Mitverf.",
      "preferredName": "Johannes Fabricius"
    },
    {
      "relationship": "VD-16 Mitverf.",
      "preferredName": "Viktorin Gruner"
    }
  ],
  "familialRelationship": [
    {
      "@id": "https://d-nb.info/gnd/1046636340",
      "relationship": "Ehefrau",
      "preferredName": "Anastasia Schro\u0308ter"
    }
  ],
  "sameAs": [
    {
      "@id": "https://d-nb.info/gnd/132707934/about",
      "collection": {
        "abbr": "DNB",
        "name": "Gemeinsame Normdatei (GND) im Katalog der Deutschen Nationalbibliothek",
        "publisher": "Deutsche Nationalbibliothek",
        "icon": "https://www.dnb.de/SiteGlobals/Frontend/DNBWeb/Images/favicon.png?__blob=normal&v=4"
      }
    },
    {
      "@id": "https://www.deutsche-digitale-bibliothek.de/person/gnd/132707934",
      "collection": {
        "abbr": "DDB",
        "name": "Deutsche Digitale Bibliothek",
        "publisher": "Deutsche Digitale Bibliothek",
        "icon": "https://www.deutsche-digitale-bibliothek.de/favicon.ico"
      }
    },
    {
      "@id": "http://viaf.org/viaf/57781691",
      "collection": {
        "abbr": "VIAF",
        "name": "Virtual International Authority File (VIAF)",
        "publisher": "OCLC",
        "icon": "https://viaf.org/viaf/images/viaf.ico"
      }
    },
    {
      "@id": "http://www.wikidata.org/entity/Q139018317",
      "collection": {
        "abbr": "WIKIDATA",
        "name": "Wikidata",
        "publisher": "Wikimedia Foundation Inc.",
        "icon": "https://www.wikidata.org/static/favicon/wikidata.ico"
      }
    }
  ]
}