{
  "@context": "http://hub.culturegraph.org/entityfacts/context/v1/entityfacts.jsonld",
  "@id": "https://d-nb.info/gnd/131525115",
  "describedBy": {
    "valid": "2026-04-27T01:53:08Z",
    "license": "https://creativecommons.org/publicdomain/zero/1.0/",
    "@id": "https://hub.culturegraph.org/entityfacts/131525115"
  },
  "preferredName": "Marcus Beumler",
  "surname": "Beumler",
  "forename": "Marcus",
  "@type": "person",
  "academicDegree": [
    "Prof."
  ],
  "variantName": [
    "Marcus Beumlerus",
    "Marx Beumler",
    "Markus Ba\u0308umlein",
    "Markus Ba\u0308umler",
    "Markus Beumler",
    "Marcus Bo\u0308mler",
    "Marcus Bo\u0308mlerus"
  ],
  "dateOfBirth": "XX.XX.1555",
  "dateOfDeath": "July 30, 1611",
  "placeOfBirth": [
    {
      "@id": "https://d-nb.info/gnd/4468493-9",
      "preferredName": "Volketswil"
    }
  ],
  "placeOfDeath": [
    {
      "@id": "https://d-nb.info/gnd/4068038-1",
      "preferredName": "Zu\u0308rich"
    }
  ],
  "associatedCountry": [
    {
      "@id": "https://d-nb.info/standards/vocab/gnd/geographic-area-code#XA-CH",
      "preferredName": "Schweiz"
    }
  ],
  "professionOrOccupation": [
    {
      "@id": "https://d-nb.info/gnd/4059756-8",
      "preferredName": "Theologe"
    },
    {
      "@id": "https://d-nb.info/gnd/4015882-2",
      "preferredName": "Evangelischer Theologe"
    },
    {
      "@id": "https://d-nb.info/gnd/4199241-6",
      "preferredName": "Klassischer Philologe"
    },
    {
      "@id": "https://d-nb.info/gnd/4132592-8",
      "preferredName": "Pfarrer"
    },
    {
      "@id": "https://d-nb.info/gnd/4158589-6",
      "preferredName": "Gymnasiallehrer"
    },
    {
      "@id": "https://d-nb.info/gnd/4199252-0",
      "preferredName": "Rektor"
    },
    {
      "@id": "https://d-nb.info/gnd/4025243-7",
      "preferredName": "Hochschullehrer"
    }
  ],
  "gender": {
    "@id": "https://d-nb.info/standards/vocab/gnd/gender#male",
    "label": "Mann"
  },
  "biographicalOrHistoricalInformation": "Reformierter Kontroverstheologe; 1580-1584 Studium in Tu\u0308bingen, 1584 in Heidelberg; 1587 Schulrektor in Neuhausen (Pfalz); 1592 Pfarrer in Alzey (Pfalz); 1594 2. Pfarrer des Gro\u00dfmu\u0308nster in Zu\u0308rich, 1601 Professor fu\u0308r Theologie und griech. Sprache an der Hohen Schule Zu\u0308rich; starb an der Pest",
  "relatedPerson": [
    {
      "@id": "https://d-nb.info/gnd/119605562",
      "relationship": "VD-16 Mitverf.",
      "preferredName": "Rudolf Ambu\u0308hl"
    },
    {
      "@id": "https://d-nb.info/gnd/118659952",
      "relationship": "VD-16 Mitverf.",
      "preferredName": "Johann Jakob Breitinger"
    },
    {
      "@id": "https://d-nb.info/gnd/118520814",
      "relationship": "VD-16 Mitverf.",
      "preferredName": "Marcus Tullius Cicero"
    },
    {
      "@id": "https://d-nb.info/gnd/118524658",
      "relationship": "VD-16 Mitverf.",
      "preferredName": "Demosthenes"
    },
    {
      "@id": "https://d-nb.info/gnd/116371838",
      "relationship": "VD-16 Mitverf.",
      "preferredName": "Raphael Eglin"
    },
    {
      "relationship": "VD-16 Mitverf.",
      "preferredName": "Johannes Jakob Grynaeus"
    },
    {
      "@id": "https://d-nb.info/gnd/116651326",
      "relationship": "VD-16 Mitverf.",
      "preferredName": "Jakob Heilbrunner"
    },
    {
      "@id": "https://d-nb.info/gnd/119739704",
      "relationship": "VD-16 Mitverf.",
      "preferredName": "Stanislaus Laurentius"
    },
    {
      "@id": "https://d-nb.info/gnd/118595237",
      "relationship": "VD-16 Mitverf.",
      "preferredName": "Plutarchus"
    },
    {
      "relationship": "VD-16 Mitverf.",
      "preferredName": "Johannes Heinrich Schinz"
    }
  ],
  "sameAs": [
    {
      "@id": "https://d-nb.info/gnd/131525115/about",
      "collection": {
        "abbr": "DNB",
        "name": "Gemeinsame Normdatei (GND) im Katalog der Deutschen Nationalbibliothek",
        "publisher": "Deutsche Nationalbibliothek",
        "icon": "https://www.dnb.de/SiteGlobals/Frontend/DNBWeb/Images/favicon.png?__blob=normal&v=4"
      }
    },
    {
      "@id": "http://www.hls-dhs-dss.ch/textes/d/D10525.php",
      "collection": {
        "abbr": "CH_HLS",
        "name": "Historisches Lexikon der Schweiz (HLS)",
        "publisher": "Historisches Lexikon der Schweiz (HLS)",
        "icon": "https://www.hls-dhs-dss.ch/favicon.ico"
      }
    },
    {
      "@id": "https://de.wikipedia.org/wiki/Markus_B%C3%A4umler",
      "collection": {
        "abbr": "dewiki",
        "name": "Wikipedia (Deutsch)",
        "publisher": "Wikimedia Foundation Inc.",
        "icon": "https://de.wikipedia.org/static/favicon/wikipedia.ico"
      }
    },
    {
      "@id": "https://kalliope-verbund.info/gnd/131525115",
      "collection": {
        "abbr": "DE-611",
        "name": "Kalliope Verbundkatalog",
        "publisher": "Staatsbibliothek zu Berlin - Preu\u00dfischer Kulturbesitz",
        "icon": "https://kalliope-verbund.info/img/favicon.ico"
      }
    },
    {
      "@id": "https://raa.gf-franken.de/de/suche-nach-stammbucheintraegen.html?permaLink=1580_nn_ott;5",
      "collection": {
        "abbr": "RAAE",
        "name": "Repertorium Alborum Amicorum (RAA) - Stammbucheintr\u00e4ge",
        "publisher": "Department Germanistik und Komparatistik der Friedrich-Alexander-Universit\u00e4t Erlangen-N\u00fcrnberg in Zusammenarbeit mit der Gesellschaft f\u00fcr Familienforschung in Franken",
        "icon": "https://www.gf-franken.de/favicon.ico"
      }
    },
    {
      "@id": "https://raa.gf-franken.de/de/suche-nach-stammbucheintraegen.html?permaLink=1600_meyer;10",
      "collection": {
        "abbr": "RAAE",
        "name": "Repertorium Alborum Amicorum (RAA) - Stammbucheintr\u00e4ge",
        "publisher": "Department Germanistik und Komparatistik der Friedrich-Alexander-Universit\u00e4t Erlangen-N\u00fcrnberg in Zusammenarbeit mit der Gesellschaft f\u00fcr Familienforschung in Franken",
        "icon": "https://www.gf-franken.de/favicon.ico"
      }
    },
    {
      "@id": "https://raa.gf-franken.de/de/suche-nach-stammbuechern.html?permaLink=1580_baeumler",
      "collection": {
        "abbr": "RAAS",
        "name": "Repertorium Alborum Amicorum (RAA) - Stammb\u00fccher",
        "publisher": "Department Germanistik und Komparatistik der Friedrich-Alexander-Universit\u00e4t Erlangen-N\u00fcrnberg in Zusammenarbeit mit der Gesellschaft f\u00fcr Familienforschung in Franken",
        "icon": "https://www.gf-franken.de/favicon.ico"
      }
    },
    {
      "@id": "https://www.deutsche-digitale-bibliothek.de/person/gnd/131525115",
      "collection": {
        "abbr": "DDB",
        "name": "Deutsche Digitale Bibliothek",
        "publisher": "Deutsche Digitale Bibliothek",
        "icon": "https://www.deutsche-digitale-bibliothek.de/favicon.ico"
      }
    },
    {
      "@id": "http://id.loc.gov/rwo/agents/no99016866",
      "collection": {
        "abbr": "LC",
        "name": "NACO Authority File",
        "publisher": "Library of Congress",
        "icon": "https://www.loc.gov/favicon.ico"
      }
    },
    {
      "@id": "http://viaf.org/viaf/52823832",
      "collection": {
        "abbr": "VIAF",
        "name": "Virtual International Authority File (VIAF)",
        "publisher": "OCLC",
        "icon": "https://viaf.org/viaf/images/viaf.ico"
      }
    },
    {
      "@id": "http://www.wikidata.org/entity/Q58234372",
      "collection": {
        "abbr": "WIKIDATA",
        "name": "Wikidata",
        "publisher": "Wikimedia Foundation Inc.",
        "icon": "https://www.wikidata.org/static/favicon/wikidata.ico"
      }
    },
    {
      "@id": "https://isni.org/isni/0000000109016488",
      "collection": {
        "abbr": "ISNI",
        "name": "International Standard Name Identifier (ISNI)",
        "publisher": "International Standard Name Identifier (ISNI)",
        "icon": "https://www.isni.org/sites/default/files/isni_new_favicon.ico"
      }
    }
  ]
}