{
  "@context": "http://hub.culturegraph.org/entityfacts/context/v1/entityfacts.jsonld",
  "@id": "https://d-nb.info/gnd/129829560",
  "describedBy": {
    "valid": "2026-04-28T13:05:28Z",
    "license": "https://creativecommons.org/publicdomain/zero/1.0/",
    "@id": "https://hub.culturegraph.org/entityfacts/129829560"
  },
  "preferredName": "Hieronymus Gottfried Pehrisch",
  "surname": "Pehrisch",
  "forename": "Hieronymus Gottfried",
  "periodOfActivity": "1636\u20131642",
  "@type": "person",
  "variantName": [
    "Hieronymus Gottfried Perisch",
    "Hieronymus Gottfried Pertsch",
    "Hieronymus Gothofredus Pehrisch",
    "Hieronymus Gottfried Pehrischsohn",
    "Hieronymus Gothofredus Pehrischsohn",
    "H. G. Pehrisch",
    "H. G. Perisch",
    "H. G. Pehrischon",
    "H. G. Perischon",
    "H. G. Pehrischsohn",
    "H. G. Pehrischsen",
    "Hieronymus Gothofredus Pehrischsohn, Leucopetra Misnicus"
  ],
  "placeOfBirth": [
    {
      "@id": "https://d-nb.info/gnd/4065247-6",
      "preferredName": "Wei\u00dfenfels"
    }
  ],
  "associatedCountry": [
    {
      "@id": "https://d-nb.info/standards/vocab/gnd/geographic-area-code#XA-DE",
      "preferredName": "Deutschland"
    }
  ],
  "professionOrOccupation": [
    {
      "@id": "https://d-nb.info/gnd/4029050-5",
      "preferredName": "Jurist"
    }
  ],
  "gender": {
    "@id": "https://d-nb.info/standards/vocab/gnd/gender#male",
    "label": "Mann"
  },
  "biographicalOrHistoricalInformation": "ab 1636 Student in Jena, Leiden und Wittenberg",
  "familialRelationship": [
    {
      "@id": "https://d-nb.info/gnd/119783177",
      "relationship": "Vater",
      "preferredName": "Johann Pehrisch"
    },
    {
      "@id": "https://d-nb.info/gnd/1058580442",
      "relationship": "Mutter",
      "preferredName": "Magdalena Pehrisch"
    },
    {
      "@id": "https://d-nb.info/gnd/121345564",
      "relationship": "Bruder",
      "preferredName": "Christian Pehrisch"
    },
    {
      "@id": "https://d-nb.info/gnd/120599473",
      "relationship": "Schwester",
      "preferredName": "Magdalena Tima\u0308us"
    }
  ],
  "sameAs": [
    {
      "@id": "https://d-nb.info/gnd/129829560/about",
      "collection": {
        "abbr": "DNB",
        "name": "Gemeinsame Normdatei (GND) im Katalog der Deutschen Nationalbibliothek",
        "publisher": "Deutsche Nationalbibliothek",
        "icon": "https://www.dnb.de/SiteGlobals/Frontend/DNBWeb/Images/favicon.png?__blob=normal&v=4"
      }
    },
    {
      "@id": "https://raa.gf-franken.de/de/suche-nach-stammbuechern.html?permaLink=1640_pehrisch",
      "collection": {
        "abbr": "RAAS",
        "name": "Repertorium Alborum Amicorum (RAA) - Stammb\u00fccher",
        "publisher": "Department Germanistik und Komparatistik der Friedrich-Alexander-Universit\u00e4t Erlangen-N\u00fcrnberg in Zusammenarbeit mit der Gesellschaft f\u00fcr Familienforschung in Franken",
        "icon": "https://www.gf-franken.de/favicon.ico"
      }
    },
    {
      "@id": "https://www.deutsche-digitale-bibliothek.de/person/gnd/129829560",
      "collection": {
        "abbr": "DDB",
        "name": "Deutsche Digitale Bibliothek",
        "publisher": "Deutsche Digitale Bibliothek",
        "icon": "https://www.deutsche-digitale-bibliothek.de/favicon.ico"
      }
    },
    {
      "@id": "http://viaf.org/viaf/62638694",
      "collection": {
        "abbr": "VIAF",
        "name": "Virtual International Authority File (VIAF)",
        "publisher": "OCLC",
        "icon": "https://viaf.org/viaf/images/viaf.ico"
      }
    }
  ]
}