{
  "@context": "http://hub.culturegraph.org/entityfacts/context/v1/entityfacts.jsonld",
  "@id": "https://d-nb.info/gnd/129731552",
  "describedBy": {
    "valid": "2026-04-29T17:29:12Z",
    "license": "https://creativecommons.org/publicdomain/zero/1.0/",
    "@id": "https://hub.culturegraph.org/entityfacts/129731552"
  },
  "preferredName": "Daniel Venetus",
  "surname": "Venetus",
  "forename": "Daniel",
  "periodOfActivity": "1603",
  "@type": "person",
  "placeOfBirth": [
    {
      "@id": "https://d-nb.info/gnd/4008216-7",
      "preferredName": "Breslau"
    }
  ],
  "placeOfActivity": [
    {
      "@id": "https://d-nb.info/gnd/4066640-2",
      "preferredName": "Wittenberg"
    },
    {
      "@id": "https://d-nb.info/gnd/4291383-4",
      "preferredName": "Altorf"
    }
  ],
  "associatedCountry": [
    {
      "@id": "https://d-nb.info/standards/vocab/gnd/geographic-area-code#XA-PL",
      "preferredName": "Polen"
    }
  ],
  "biographicalOrHistoricalInformation": "Respondent in Altdorf und Wittenberg",
  "relatedPerson": [
    {
      "@id": "https://d-nb.info/gnd/129551821",
      "relationship": "VD-16 Mitverf.",
      "preferredName": "Daniel Cachedenier"
    },
    {
      "@id": "https://d-nb.info/gnd/104288639",
      "relationship": "VD-16 Mitverf.",
      "preferredName": "Konrad Rittershausen"
    },
    {
      "relationship": "VD-16 Mitverf.",
      "preferredName": "Ulrich Buchner"
    },
    {
      "relationship": "VD-16 Mitverf.",
      "preferredName": "Paul von Gisbick"
    },
    {
      "@id": "https://d-nb.info/gnd/119734389",
      "relationship": "VD-16 Mitverf.",
      "preferredName": "Johannes Kretschmar"
    },
    {
      "relationship": "VD-16 Mitverf.",
      "preferredName": "Michael Pickart"
    },
    {
      "@id": "https://d-nb.info/gnd/121389340",
      "relationship": "VD-16 Mitverf.",
      "preferredName": "Balthasar Pistorius"
    },
    {
      "@id": "https://d-nb.info/gnd/119803496",
      "relationship": "VD-16 Mitverf.",
      "preferredName": "Johannes Ru\u0308ger"
    },
    {
      "@id": "https://d-nb.info/gnd/11743535X",
      "relationship": "VD-16 Mitverf.",
      "preferredName": "Michael Virdung"
    }
  ],
  "sameAs": [
    {
      "@id": "https://d-nb.info/gnd/129731552/about",
      "collection": {
        "abbr": "DNB",
        "name": "Gemeinsame Normdatei (GND) im Katalog der Deutschen Nationalbibliothek",
        "publisher": "Deutsche Nationalbibliothek",
        "icon": "https://www.dnb.de/SiteGlobals/Frontend/DNBWeb/Images/favicon.png?__blob=normal&v=4"
      }
    },
    {
      "@id": "https://aaa.gf-franken.de/de/recherche.html?permaLink=15921",
      "collection": {
        "abbr": "AAA",
        "name": "Album Academicum Altorphinum (AAA)",
        "publisher": "Department Germanistik und Komparatistik der Friedrich-Alexander-Universit\u00e4t Erlangen-N\u00fcrnberg in Zusammenarbeit mit der Gesellschaft f\u00fcr Familienforschung in Franken",
        "icon": "https://www.gf-franken.de/favicon.ico"
      }
    },
    {
      "@id": "http://viaf.org/viaf/6019357",
      "collection": {
        "abbr": "VIAF",
        "name": "Virtual International Authority File (VIAF)",
        "publisher": "OCLC",
        "icon": "https://viaf.org/viaf/images/viaf.ico"
      }
    },
    {
      "@id": "https://isni.org/isni/0000000028021218",
      "collection": {
        "abbr": "ISNI",
        "name": "International Standard Name Identifier (ISNI)",
        "publisher": "International Standard Name Identifier (ISNI)",
        "icon": "https://www.isni.org/sites/default/files/isni_new_favicon.ico"
      }
    }
  ]
}