{
  "@context": "http://hub.culturegraph.org/entityfacts/context/v1/entityfacts.jsonld",
  "@id": "https://d-nb.info/gnd/129717320",
  "describedBy": {
    "valid": "2026-05-01T14:20:10Z",
    "license": "https://creativecommons.org/publicdomain/zero/1.0/",
    "@id": "https://hub.culturegraph.org/entityfacts/129717320"
  },
  "preferredName": "Joachim von Do\u0308lau",
  "surname": "Do\u0308lau",
  "prefix": "von",
  "forename": "Joachim",
  "@type": "person",
  "variantName": [
    "Joachim von Do\u0308lau",
    "Joachim von Do\u0308law"
  ],
  "dateOfBirth": "March 13, 1573",
  "dateOfDeath": "December 13, 1648",
  "associatedCountry": [
    {
      "@id": "https://d-nb.info/standards/vocab/gnd/geographic-area-code#XA-DE",
      "preferredName": "Deutschland"
    }
  ],
  "professionOrOccupation": [
    {
      "@id": "https://d-nb.info/gnd/4005081-6",
      "preferredName": "Beamter"
    }
  ],
  "biographicalOrHistoricalInformation": "Sohn von Sigismund von Do\u0308lau auf Ruppersgru\u0308n; Gymnasium in Heilsbronn; Student in Altdorf, Jena und Leipzig; 1596 Brandenb. Rat; ab 1598 Kursa\u0308chs. Rat; 1608 Heirat mit Elisabeth von Rochau; 1640 Obereinehmer der Land- und Tranksteuer; Sa\u0308chs. Staatsbeamter, Obersteuereinnehmer; Kursa\u0308chs. Hofrat",
  "relatedPerson": [
    {
      "@id": "https://d-nb.info/gnd/104288639",
      "relationship": "VD-16 Mitverf.",
      "preferredName": "Konrad Rittershausen"
    },
    {
      "@id": "https://d-nb.info/gnd/13926437X",
      "relationship": "VD-16 Mitverf.",
      "preferredName": "Ludwig Camerarius"
    },
    {
      "@id": "https://d-nb.info/gnd/116137819",
      "relationship": "VD-16 Mitverf.",
      "preferredName": "Andreas Dinner"
    },
    {
      "@id": "https://d-nb.info/gnd/119719452",
      "relationship": "VD-16 Mitverf.",
      "preferredName": "Benedikt Isenbeck"
    },
    {
      "relationship": "VD-16 Mitverf.",
      "preferredName": "Georg Queckh"
    }
  ],
  "sameAs": [
    {
      "@id": "https://d-nb.info/gnd/129717320/about",
      "collection": {
        "abbr": "DNB",
        "name": "Gemeinsame Normdatei (GND) im Katalog der Deutschen Nationalbibliothek",
        "publisher": "Deutsche Nationalbibliothek",
        "icon": "https://www.dnb.de/SiteGlobals/Frontend/DNBWeb/Images/favicon.png?__blob=normal&v=4"
      }
    },
    {
      "@id": "https://aaa.gf-franken.de/de/recherche.html?permaLink=02388",
      "collection": {
        "abbr": "AAA",
        "name": "Album Academicum Altorphinum (AAA)",
        "publisher": "Department Germanistik und Komparatistik der Friedrich-Alexander-Universit\u00e4t Erlangen-N\u00fcrnberg in Zusammenarbeit mit der Gesellschaft f\u00fcr Familienforschung in Franken",
        "icon": "https://www.gf-franken.de/favicon.ico"
      }
    },
    {
      "@id": "https://www.deutsche-digitale-bibliothek.de/person/gnd/129717320",
      "collection": {
        "abbr": "DDB",
        "name": "Deutsche Digitale Bibliothek",
        "publisher": "Deutsche Digitale Bibliothek",
        "icon": "https://www.deutsche-digitale-bibliothek.de/favicon.ico"
      }
    },
    {
      "@id": "http://viaf.org/viaf/8472788",
      "collection": {
        "abbr": "VIAF",
        "name": "Virtual International Authority File (VIAF)",
        "publisher": "OCLC",
        "icon": "https://viaf.org/viaf/images/viaf.ico"
      }
    },
    {
      "@id": "http://www.wikidata.org/entity/Q55874685",
      "collection": {
        "abbr": "WIKIDATA",
        "name": "Wikidata",
        "publisher": "Wikimedia Foundation Inc.",
        "icon": "https://www.wikidata.org/static/favicon/wikidata.ico"
      }
    },
    {
      "@id": "https://isni.org/isni/0000000020271722",
      "collection": {
        "abbr": "ISNI",
        "name": "International Standard Name Identifier (ISNI)",
        "publisher": "International Standard Name Identifier (ISNI)",
        "icon": "https://www.isni.org/sites/default/files/isni_new_favicon.ico"
      }
    }
  ]
}