{
  "@context": "http://hub.culturegraph.org/entityfacts/context/v1/entityfacts.jsonld",
  "@id": "https://d-nb.info/gnd/129551821",
  "describedBy": {
    "valid": "2026-04-27T07:06:04Z",
    "license": "https://creativecommons.org/publicdomain/zero/1.0/",
    "@id": "https://hub.culturegraph.org/entityfacts/129551821"
  },
  "preferredName": "Daniel Cachedenier",
  "surname": "Cachedenier",
  "forename": "Daniel",
  "@type": "person",
  "variantName": [
    "Daniel Cachedenier de Vassimon",
    "Daniel Cachedenier de Vassimont",
    "Daniel de Cachedenier",
    "Daniel von Cachedenier"
  ],
  "dateOfBirth": "1570",
  "dateOfDeath": "1612",
  "placeOfBirth": [
    {
      "@id": "https://d-nb.info/gnd/4080265-6",
      "preferredName": "Bar-le-Duc"
    }
  ],
  "placeOfDeath": [
    {
      "@id": "https://d-nb.info/gnd/4044660-8",
      "preferredName": "Paris"
    }
  ],
  "associatedCountry": [
    {
      "@id": "https://d-nb.info/standards/vocab/gnd/geographic-area-code#XA-FR",
      "preferredName": "Frankreich"
    },
    {
      "@id": "https://d-nb.info/standards/vocab/gnd/geographic-area-code#XA-DE",
      "preferredName": "Deutschland"
    }
  ],
  "professionOrOccupation": [
    {
      "@id": "https://d-nb.info/gnd/4199236-2",
      "preferredName": "Philologe"
    },
    {
      "@id": "https://d-nb.info/gnd/4219681-4",
      "preferredName": "Romanist"
    },
    {
      "@id": "https://d-nb.info/gnd/4182521-4",
      "preferredName": "Sprachlehrer"
    },
    {
      "@id": "https://d-nb.info/gnd/4043375-4",
      "preferredName": "Offizier"
    },
    {
      "@id": "https://d-nb.info/gnd/4188120-5",
      "preferredName": "Verwaltungsbeamter"
    }
  ],
  "biographicalOrHistoricalInformation": "Franzo\u0308sischer Philologe und Jurist; Calvinist; Seigneur de Nicey (Nicey-sur-Aire); Student in Heidelberg und Altdorf; ab 1606 verheiratet mit Magdalene von Etzdorff; Oberst in franzo\u0308s. Diensten; spa\u0308ter Amtshauptmann in Jena, Eisenberg und Bu\u0308rgel",
  "relatedPerson": [
    {
      "relationship": "VD-16 Mitverf.",
      "preferredName": "Ulrich Buchner"
    },
    {
      "relationship": "VD-16 Mitverf.",
      "preferredName": "Paul von Gisbick"
    },
    {
      "@id": "https://d-nb.info/gnd/119734389",
      "relationship": "VD-16 Mitverf.",
      "preferredName": "Johannes Kretschmar"
    },
    {
      "relationship": "VD-16 Mitverf.",
      "preferredName": "Michael Pickart"
    },
    {
      "@id": "https://d-nb.info/gnd/121389340",
      "relationship": "VD-16 Mitverf.",
      "preferredName": "Balthasar Pistorius"
    },
    {
      "@id": "https://d-nb.info/gnd/119803496",
      "relationship": "VD-16 Mitverf.",
      "preferredName": "Johannes Ru\u0308ger"
    },
    {
      "@id": "https://d-nb.info/gnd/104288639",
      "relationship": "VD-16 Mitverf.",
      "preferredName": "Konrad Rittershausen"
    },
    {
      "@id": "https://d-nb.info/gnd/129731552",
      "relationship": "VD-16 Mitverf.",
      "preferredName": "Daniel Venetus"
    },
    {
      "@id": "https://d-nb.info/gnd/11743535X",
      "relationship": "VD-16 Mitverf.",
      "preferredName": "Michael Virdung"
    },
    {
      "@id": "https://d-nb.info/gnd/119877996",
      "relationship": "VD-16 Mitverf.",
      "preferredName": "Bernhard Zieritz"
    }
  ],
  "familialRelationship": [
    {
      "@id": "https://d-nb.info/gnd/115388877",
      "relationship": "Sohn",
      "preferredName": "Friedrich Cachedenier"
    }
  ],
  "sameAs": [
    {
      "@id": "https://d-nb.info/gnd/129551821/about",
      "collection": {
        "abbr": "DNB",
        "name": "Gemeinsame Normdatei (GND) im Katalog der Deutschen Nationalbibliothek",
        "publisher": "Deutsche Nationalbibliothek",
        "icon": "https://www.dnb.de/SiteGlobals/Frontend/DNBWeb/Images/favicon.png?__blob=normal&v=4"
      }
    },
    {
      "@id": "http://catalogue.bnf.fr/ark:/12148/cb162534513",
      "collection": {
        "abbr": "BNF",
        "name": "Bibliothe\u0300que nationale de France",
        "publisher": "Bibliothe\u0300que nationale de France",
        "icon": "https://www.bnf.fr/themes/custom/bnfsi/favicon.ico"
      }
    },
    {
      "@id": "https://aaa.gf-franken.de/de/recherche.html?permaLink=01915",
      "collection": {
        "abbr": "AAA",
        "name": "Album Academicum Altorphinum (AAA)",
        "publisher": "Department Germanistik und Komparatistik der Friedrich-Alexander-Universit\u00e4t Erlangen-N\u00fcrnberg in Zusammenarbeit mit der Gesellschaft f\u00fcr Familienforschung in Franken",
        "icon": "https://www.gf-franken.de/favicon.ico"
      }
    },
    {
      "@id": "https://de.wikipedia.org/wiki/Daniel_Cachedenier",
      "collection": {
        "abbr": "dewiki",
        "name": "Wikipedia (Deutsch)",
        "publisher": "Wikimedia Foundation Inc.",
        "icon": "https://de.wikipedia.org/static/favicon/wikipedia.ico"
      }
    },
    {
      "@id": "https://www.deutsche-digitale-bibliothek.de/person/gnd/129551821",
      "collection": {
        "abbr": "DDB",
        "name": "Deutsche Digitale Bibliothek",
        "publisher": "Deutsche Digitale Bibliothek",
        "icon": "https://www.deutsche-digitale-bibliothek.de/favicon.ico"
      }
    },
    {
      "@id": "http://id.loc.gov/rwo/agents/no2011030243",
      "collection": {
        "abbr": "LC",
        "name": "NACO Authority File",
        "publisher": "Library of Congress",
        "icon": "https://www.loc.gov/favicon.ico"
      }
    },
    {
      "@id": "http://viaf.org/viaf/42920523",
      "collection": {
        "abbr": "VIAF",
        "name": "Virtual International Authority File (VIAF)",
        "publisher": "OCLC",
        "icon": "https://viaf.org/viaf/images/viaf.ico"
      }
    },
    {
      "@id": "http://www.wikidata.org/entity/Q18923144",
      "collection": {
        "abbr": "WIKIDATA",
        "name": "Wikidata",
        "publisher": "Wikimedia Foundation Inc.",
        "icon": "https://www.wikidata.org/static/favicon/wikidata.ico"
      }
    },
    {
      "@id": "https://isni.org/isni/0000000121300924",
      "collection": {
        "abbr": "ISNI",
        "name": "International Standard Name Identifier (ISNI)",
        "publisher": "International Standard Name Identifier (ISNI)",
        "icon": "https://www.isni.org/sites/default/files/isni_new_favicon.ico"
      }
    }
  ]
}