{
  "@context": "http://hub.culturegraph.org/entityfacts/context/v1/entityfacts.jsonld",
  "@id": "https://d-nb.info/gnd/129477230",
  "describedBy": {
    "valid": "2026-04-27T11:17:00Z",
    "license": "https://creativecommons.org/publicdomain/zero/1.0/",
    "@id": "https://hub.culturegraph.org/entityfacts/129477230"
  },
  "preferredName": "Michael Keller",
  "surname": "Keller",
  "forename": "Michael",
  "@type": "person",
  "academicDegree": [
    "Magister"
  ],
  "variantName": [
    "Michael Ka\u0308ller",
    "Michael Cellarius"
  ],
  "pseudonym": [
    {
      "preferredName": "Conrad Rey\u00df von Ofen"
    },
    {
      "preferredName": "Conrad Rey\u00df"
    },
    {
      "preferredName": "Conradt Reyss"
    },
    {
      "preferredName": "Cunrat Ry\u00df"
    },
    {
      "preferredName": "Cunrat Ryssen"
    },
    {
      "preferredName": "Konrad Rey\u00df"
    },
    {
      "preferredName": "Michael Reu\u00df"
    },
    {
      "preferredName": "Konrad Reyss"
    },
    {
      "preferredName": "Konrad Ryss"
    },
    {
      "preferredName": "Conrad Reyss"
    },
    {
      "preferredName": "Konrad Ry\u00df"
    },
    {
      "preferredName": "Cuonrad Ryss"
    },
    {
      "preferredName": "Conrad Ryss"
    },
    {
      "preferredName": "Cunrat Ryss"
    },
    {
      "preferredName": "Cunrad Ryss"
    },
    {
      "preferredName": "Mattha\u0308us Frey"
    },
    {
      "preferredName": "Matheus Frey"
    },
    {
      "preferredName": "Matthaeus Frey"
    }
  ],
  "dateOfDeath": "XX.02.1548",
  "placeOfBirth": [
    {
      "@id": "https://d-nb.info/gnd/4080582-7",
      "preferredName": "Burgheim (Landkreis Neuburg-Schrobenhausen)"
    }
  ],
  "placeOfDeath": [
    {
      "@id": "https://d-nb.info/gnd/4003614-5",
      "preferredName": "Augsburg"
    }
  ],
  "associatedCountry": [
    {
      "@id": "https://d-nb.info/standards/vocab/gnd/geographic-area-code#XA-DE",
      "preferredName": "Deutschland"
    }
  ],
  "professionOrOccupation": [
    {
      "@id": "https://d-nb.info/gnd/4015882-2",
      "preferredName": "Evangelischer Theologe"
    },
    {
      "@id": "https://d-nb.info/gnd/4177347-0",
      "preferredName": "Reformator"
    },
    {
      "@id": "https://d-nb.info/gnd/4130322-2",
      "preferredName": "Prediger"
    },
    {
      "@id": "https://d-nb.info/gnd/4132592-8",
      "preferredName": "Pfarrer"
    }
  ],
  "gender": {
    "@id": "https://d-nb.info/standards/vocab/gnd/gender#male",
    "label": "Mann"
  },
  "biographicalOrHistoricalInformation": "Dt. ev. Theologe; Student in Leipzig, Magister; Kaplan in Straubing und in Wasserburg am Inn; ab 23.11.1524 Pra\u0308dikant am Barfu\u0308\u00dferkloster in Augsburg, wa\u0308hrend des Reichstags 07.1530-02.1531 aus Augsburg nach Memmingen geflohen, ab 1544 Pfarrer von St. Moritz in Augsburg",
  "relatedPerson": [
    {
      "@id": "https://d-nb.info/gnd/100202942",
      "relationship": "VD-16 Mitverf.",
      "preferredName": "Matthias Kretz"
    }
  ],
  "sameAs": [
    {
      "@id": "https://d-nb.info/gnd/129477230/about",
      "collection": {
        "abbr": "DNB",
        "name": "Gemeinsame Normdatei (GND) im Katalog der Deutschen Nationalbibliothek",
        "publisher": "Deutsche Nationalbibliothek",
        "icon": "https://www.dnb.de/SiteGlobals/Frontend/DNBWeb/Images/favicon.png?__blob=normal&v=4"
      }
    },
    {
      "@id": "https://de.wikipedia.org/wiki/Michael_Cellarius",
      "collection": {
        "abbr": "dewiki",
        "name": "Wikipedia (Deutsch)",
        "publisher": "Wikimedia Foundation Inc.",
        "icon": "https://de.wikipedia.org/static/favicon/wikipedia.ico"
      }
    },
    {
      "@id": "https://kalliope-verbund.info/gnd/129477230",
      "collection": {
        "abbr": "DE-611",
        "name": "Kalliope Verbundkatalog",
        "publisher": "Staatsbibliothek zu Berlin - Preu\u00dfischer Kulturbesitz",
        "icon": "https://kalliope-verbund.info/img/favicon.ico"
      }
    },
    {
      "@id": "https://www.deutsche-biographie.de/pnd129477230.html#adbcontent",
      "collection": {
        "abbr": "ADB",
        "name": "Allgemeine Deutsche Biographie (ADB)",
        "publisher": "Historische Kommission bei der Bayerischen Akademie der Wissenschaften und Bayerische Staatsbibliothek",
        "icon": "https://www.deutsche-biographie.de/favicon.ico"
      }
    },
    {
      "@id": "https://www.deutsche-biographie.de/pnd129477230.html#ndbcontent",
      "collection": {
        "abbr": "NDB",
        "name": "Neue Deutsche Biographie (NDB)",
        "publisher": "Historische Kommission bei der Bayerischen Akademie der Wissenschaften und Bayerische Staatsbibliothek",
        "icon": "https://www.deutsche-biographie.de/favicon.ico"
      }
    },
    {
      "@id": "https://www.deutsche-digitale-bibliothek.de/person/gnd/129477230",
      "collection": {
        "abbr": "DDB",
        "name": "Deutsche Digitale Bibliothek",
        "publisher": "Deutsche Digitale Bibliothek",
        "icon": "https://www.deutsche-digitale-bibliothek.de/favicon.ico"
      }
    },
    {
      "@id": "https://www.portraitindex.de/dokumente/pnd/129477230",
      "collection": {
        "abbr": "Portraitindex",
        "name": "Digitaler Portraitindex der druckgraphischen Bildnisse der Fru\u0308hen Neuzeit",
        "publisher": "Deutsches Dokumentationszentrum fu\u0308r Kunstgeschichte - Bildarchiv Foto Marburg",
        "icon": "https://www.portraitindex.de/favicon.ico"
      }
    },
    {
      "@id": "http://id.loc.gov/rwo/agents/no2008024115",
      "collection": {
        "abbr": "LC",
        "name": "NACO Authority File",
        "publisher": "Library of Congress",
        "icon": "https://www.loc.gov/favicon.ico"
      }
    },
    {
      "@id": "http://viaf.org/viaf/20763376",
      "collection": {
        "abbr": "VIAF",
        "name": "Virtual International Authority File (VIAF)",
        "publisher": "OCLC",
        "icon": "https://viaf.org/viaf/images/viaf.ico"
      }
    },
    {
      "@id": "http://www.wikidata.org/entity/Q1541778",
      "collection": {
        "abbr": "WIKIDATA",
        "name": "Wikidata",
        "publisher": "Wikimedia Foundation Inc.",
        "icon": "https://www.wikidata.org/static/favicon/wikidata.ico"
      }
    },
    {
      "@id": "https://isni.org/isni/0000000118712442",
      "collection": {
        "abbr": "ISNI",
        "name": "International Standard Name Identifier (ISNI)",
        "publisher": "International Standard Name Identifier (ISNI)",
        "icon": "https://www.isni.org/sites/default/files/isni_new_favicon.ico"
      }
    }
  ]
}