{
  "@context": "http://hub.culturegraph.org/entityfacts/context/v1/entityfacts.jsonld",
  "@id": "https://d-nb.info/gnd/129234168",
  "describedBy": {
    "valid": "2026-04-26T15:56:41Z",
    "license": "https://creativecommons.org/publicdomain/zero/1.0/",
    "@id": "https://hub.culturegraph.org/entityfacts/129234168"
  },
  "preferredName": "Martin Chemnitz",
  "surname": "Chemnitz",
  "forename": "Martin",
  "@type": "person",
  "academicDegree": [
    "Prof. Dr. jur."
  ],
  "variantName": [
    "Martin Chemnitz II.",
    "Martin Chemnitz der Mittlere",
    "Martin Chemnitz, der A\u0308ltere",
    "Martin Chemnitz, der Ju\u0308ngere",
    "Martinus Chemnitius",
    "Martinus Chemnicius",
    "Martin Kemnitz",
    "Martinus Kemnicius"
  ],
  "dateOfBirth": "October 15, 1561",
  "dateOfDeath": "August 26, 1627",
  "placeOfBirth": [
    {
      "@id": "https://d-nb.info/gnd/4008065-1",
      "preferredName": "Braunschweig"
    }
  ],
  "placeOfDeath": [
    {
      "@id": "https://d-nb.info/gnd/4052689-6",
      "preferredName": "Schleswig (Stadt)"
    }
  ],
  "placeOfActivity": [
    {
      "@id": "https://d-nb.info/gnd/4050610-1",
      "preferredName": "Rostock"
    },
    {
      "@id": "https://d-nb.info/gnd/4057392-8",
      "preferredName": "Stettin"
    },
    {
      "@id": "https://d-nb.info/gnd/4052689-6",
      "preferredName": "Schleswig (Stadt)"
    }
  ],
  "associatedCountry": [
    {
      "@id": "https://d-nb.info/standards/vocab/gnd/geographic-area-code#XA-DE",
      "preferredName": "Deutschland"
    }
  ],
  "professionOrOccupation": [
    {
      "@id": "https://d-nb.info/gnd/4029050-5",
      "preferredName": "Jurist"
    },
    {
      "@id": "https://d-nb.info/gnd/4025243-7",
      "preferredName": "Hochschullehrer"
    },
    {
      "@id": "https://d-nb.info/gnd/4123488-1",
      "preferredName": "Kanzler"
    }
  ],
  "gender": {
    "@id": "https://d-nb.info/standards/vocab/gnd/gender#male",
    "label": "Mann"
  },
  "biographicalOrHistoricalInformation": "Dt. Jurist und Staatsmann; 1578 Student in Leipzig, 1580 Magister, 1588 Dr. in Frankfurt (Oder), 1601-1603 Professor der Rechte an der Universita\u0308t Rostock, 1603/04-1617 Geheimer Rat und Kanzler der Regierung in Stettin (Pommern), 1619-1627 Kanzler von Holstein-Gottorp",
  "affiliation": [
    {
      "@id": "https://d-nb.info/gnd/38329-6",
      "preferredName": "Universita\u0308t Rostock"
    }
  ],
  "relatedPerson": [
    {
      "relationship": "VD-16 Mitverf.",
      "preferredName": "Johannes Schreckenfuchs"
    },
    {
      "relationship": "VD-16 Mitverf.",
      "preferredName": "Georg Schwartzkopf"
    },
    {
      "@id": "https://d-nb.info/gnd/124626203",
      "relationship": "VD-16 Mitverf.",
      "preferredName": "Johannes Borcholten"
    },
    {
      "@id": "https://d-nb.info/gnd/120477394",
      "relationship": "VD-16 Mitverf.",
      "preferredName": "Christoph Gruner"
    },
    {
      "@id": "https://d-nb.info/gnd/119874385",
      "relationship": "VD-16 Mitverf.",
      "preferredName": "Johann Wolfrum"
    },
    {
      "@id": "https://d-nb.info/gnd/119813637",
      "relationship": "VD-16 Mitverf.",
      "preferredName": "Tobias Salbach"
    },
    {
      "@id": "https://d-nb.info/gnd/124442080",
      "relationship": "VD-16 Mitverf.",
      "preferredName": "Statius Borcholten"
    },
    {
      "@id": "https://d-nb.info/gnd/119739933",
      "relationship": "VD-16 Mitverf.",
      "preferredName": "Tobias Lauterbach"
    },
    {
      "@id": "https://d-nb.info/gnd/119860872",
      "relationship": "VD-16 Mitverf.",
      "preferredName": "Andreas Voigt"
    }
  ],
  "familialRelationship": [
    {
      "@id": "https://d-nb.info/gnd/118829157",
      "relationship": "Vater",
      "preferredName": "Martin Chemnitz"
    },
    {
      "@id": "https://d-nb.info/gnd/129234338",
      "relationship": "Sohn",
      "preferredName": "Martin Chemnitz"
    },
    {
      "@id": "https://d-nb.info/gnd/119533839",
      "relationship": "Sohn",
      "preferredName": "Bogislaus Philipp von Chemnitz"
    }
  ],
  "depiction": {
    "@id": "https://commons.wikimedia.org/wiki/Special:FilePath/ChemnitzMjrB864.JPG",
    "publisher": "Wikimedia Commons",
    "copyrighted": "false",
    "creator": [
      "Unknown authorUnknown author&nbsp;"
    ],
    "creditText": [
      "B864.JPG (JPG). Portr\u00e4tdatenbank der Franckeschen Stiftungen. Archived from the original on 2016-03-04. Retrieved on 2025-08-27."
    ],
    "license": [
      {
        "@id": "https://creativecommons.org/publicdomain/mark/1.0/",
        "abbr": "PD",
        "name": "Public Domain",
        "attributionRequired": "false",
        "restrictions": ""
      }
    ],
    "url": "https://commons.wikimedia.org/wiki/File:ChemnitzMjrB864.JPG?uselang=en",
    "thumbnail": {
      "@id": "https://commons.wikimedia.org/wiki/Special:FilePath/ChemnitzMjrB864.JPG?width=270"
    }
  },
  "sameAs": [
    {
      "@id": "https://d-nb.info/gnd/129234168/about",
      "collection": {
        "abbr": "DNB",
        "name": "Gemeinsame Normdatei (GND) im Katalog der Deutschen Nationalbibliothek",
        "publisher": "Deutsche Nationalbibliothek",
        "icon": "https://www.dnb.de/SiteGlobals/Frontend/DNBWeb/Images/favicon.png?__blob=normal&v=4"
      }
    },
    {
      "@id": "https://cpr.uni-rostock.de/resolve/gnd/129234168",
      "collection": {
        "abbr": "DE-28",
        "name": "Catalogus Professorum Rostochiensium (CPR)",
        "publisher": "Forschungsstelle Universita\u0308tsgeschichte Rostock"
      }
    },
    {
      "@id": "https://de.wikipedia.org/wiki/Martin_Chemnitz_%28der_%C3%84ltere%29",
      "collection": {
        "abbr": "dewiki",
        "name": "Wikipedia (Deutsch)",
        "publisher": "Wikimedia Foundation Inc.",
        "icon": "https://de.wikipedia.org/static/favicon/wikipedia.ico"
      }
    },
    {
      "@id": "https://kalliope-verbund.info/gnd/129234168",
      "collection": {
        "abbr": "DE-611",
        "name": "Kalliope Verbundkatalog",
        "publisher": "Staatsbibliothek zu Berlin - Preu\u00dfischer Kulturbesitz",
        "icon": "https://kalliope-verbund.info/img/favicon.ico"
      }
    },
    {
      "@id": "https://raa.gf-franken.de/de/suche-nach-stammbucheintraegen.html?permaLink=1595_nnb;7",
      "collection": {
        "abbr": "RAAE",
        "name": "Repertorium Alborum Amicorum (RAA) - Stammbucheintr\u00e4ge",
        "publisher": "Department Germanistik und Komparatistik der Friedrich-Alexander-Universit\u00e4t Erlangen-N\u00fcrnberg in Zusammenarbeit mit der Gesellschaft f\u00fcr Familienforschung in Franken",
        "icon": "https://www.gf-franken.de/favicon.ico"
      }
    },
    {
      "@id": "https://raa.gf-franken.de/de/suche-nach-stammbucheintraegen.html?permaLink=1610_morsius;412",
      "collection": {
        "abbr": "RAAE",
        "name": "Repertorium Alborum Amicorum (RAA) - Stammbucheintr\u00e4ge",
        "publisher": "Department Germanistik und Komparatistik der Friedrich-Alexander-Universit\u00e4t Erlangen-N\u00fcrnberg in Zusammenarbeit mit der Gesellschaft f\u00fcr Familienforschung in Franken",
        "icon": "https://www.gf-franken.de/favicon.ico"
      }
    },
    {
      "@id": "https://raa.gf-franken.de/de/suche-nach-stammbucheintraegen.html?permaLink=1610_morsius;42",
      "collection": {
        "abbr": "RAAE",
        "name": "Repertorium Alborum Amicorum (RAA) - Stammbucheintr\u00e4ge",
        "publisher": "Department Germanistik und Komparatistik der Friedrich-Alexander-Universit\u00e4t Erlangen-N\u00fcrnberg in Zusammenarbeit mit der Gesellschaft f\u00fcr Familienforschung in Franken",
        "icon": "https://www.gf-franken.de/favicon.ico"
      }
    },
    {
      "@id": "https://raa.gf-franken.de/de/suche-nach-stammbucheintraegen.html?permaLink=1612_noebius;33",
      "collection": {
        "abbr": "RAAE",
        "name": "Repertorium Alborum Amicorum (RAA) - Stammbucheintr\u00e4ge",
        "publisher": "Department Germanistik und Komparatistik der Friedrich-Alexander-Universit\u00e4t Erlangen-N\u00fcrnberg in Zusammenarbeit mit der Gesellschaft f\u00fcr Familienforschung in Franken",
        "icon": "https://www.gf-franken.de/favicon.ico"
      }
    },
    {
      "@id": "https://raa.gf-franken.de/de/suche-nach-stammbucheintraegen.html?permaLink=1617_hausmann;26",
      "collection": {
        "abbr": "RAAE",
        "name": "Repertorium Alborum Amicorum (RAA) - Stammbucheintr\u00e4ge",
        "publisher": "Department Germanistik und Komparatistik der Friedrich-Alexander-Universit\u00e4t Erlangen-N\u00fcrnberg in Zusammenarbeit mit der Gesellschaft f\u00fcr Familienforschung in Franken",
        "icon": "https://www.gf-franken.de/favicon.ico"
      }
    },
    {
      "@id": "https://raa.gf-franken.de/de/suche-nach-stammbuechern.html?permaLink=1597_chemnitz2",
      "collection": {
        "abbr": "RAAS",
        "name": "Repertorium Alborum Amicorum (RAA) - Stammb\u00fccher",
        "publisher": "Department Germanistik und Komparatistik der Friedrich-Alexander-Universit\u00e4t Erlangen-N\u00fcrnberg in Zusammenarbeit mit der Gesellschaft f\u00fcr Familienforschung in Franken",
        "icon": "https://www.gf-franken.de/favicon.ico"
      }
    },
    {
      "@id": "https://www.deutsche-biographie.de/pnd129234168.html#adbcontent",
      "collection": {
        "abbr": "ADB",
        "name": "Allgemeine Deutsche Biographie (ADB)",
        "publisher": "Historische Kommission bei der Bayerischen Akademie der Wissenschaften und Bayerische Staatsbibliothek",
        "icon": "https://www.deutsche-biographie.de/favicon.ico"
      }
    },
    {
      "@id": "https://www.deutsche-digitale-bibliothek.de/person/gnd/129234168",
      "collection": {
        "abbr": "DDB",
        "name": "Deutsche Digitale Bibliothek",
        "publisher": "Deutsche Digitale Bibliothek",
        "icon": "https://www.deutsche-digitale-bibliothek.de/favicon.ico"
      }
    },
    {
      "@id": "https://www.portraitindex.de/dokumente/pnd/129234168",
      "collection": {
        "abbr": "Portraitindex",
        "name": "Digitaler Portraitindex der druckgraphischen Bildnisse der Fru\u0308hen Neuzeit",
        "publisher": "Deutsches Dokumentationszentrum fu\u0308r Kunstgeschichte - Bildarchiv Foto Marburg",
        "icon": "https://www.portraitindex.de/favicon.ico"
      }
    },
    {
      "@id": "http://viaf.org/viaf/13382676",
      "collection": {
        "abbr": "VIAF",
        "name": "Virtual International Authority File (VIAF)",
        "publisher": "OCLC",
        "icon": "https://viaf.org/viaf/images/viaf.ico"
      }
    },
    {
      "@id": "http://www.wikidata.org/entity/Q528947",
      "collection": {
        "abbr": "WIKIDATA",
        "name": "Wikidata",
        "publisher": "Wikimedia Foundation Inc.",
        "icon": "https://www.wikidata.org/static/favicon/wikidata.ico"
      }
    },
    {
      "@id": "https://isni.org/isni/0000000066804985",
      "collection": {
        "abbr": "ISNI",
        "name": "International Standard Name Identifier (ISNI)",
        "publisher": "International Standard Name Identifier (ISNI)",
        "icon": "https://www.isni.org/sites/default/files/isni_new_favicon.ico"
      }
    }
  ]
}