{
  "@context": "http://hub.culturegraph.org/entityfacts/context/v1/entityfacts.jsonld",
  "@id": "https://d-nb.info/gnd/129194166",
  "describedBy": {
    "valid": "2026-04-28T07:16:21Z",
    "license": "https://creativecommons.org/publicdomain/zero/1.0/",
    "@id": "https://hub.culturegraph.org/entityfacts/129194166"
  },
  "preferredName": "Arnold Freitag",
  "surname": "Freitag",
  "forename": "Arnold",
  "@type": "person",
  "variantName": [
    "Arnaldus Freitagius",
    "Arnoldus Freithagius",
    "Arnoldus Freitagius",
    "Arnold Freytag",
    "Arnoldus Fritachius"
  ],
  "dateOfBirth": "1560",
  "dateOfDeath": "1614",
  "placeOfBirth": [
    {
      "@id": "https://d-nb.info/gnd/4014593-1",
      "preferredName": "Emmerich am Rhein"
    }
  ],
  "associatedCountry": [
    {
      "@id": "https://d-nb.info/standards/vocab/gnd/geographic-area-code#XA-DE",
      "preferredName": "Deutschland"
    },
    {
      "@id": "https://d-nb.info/standards/vocab/gnd/geographic-area-code#XA-CH",
      "preferredName": "Schweiz"
    }
  ],
  "professionOrOccupation": [
    {
      "@id": "https://d-nb.info/gnd/4003157-3",
      "preferredName": "Arzt"
    },
    {
      "@id": "https://d-nb.info/gnd/4061414-1",
      "preferredName": "U\u0308bersetzer"
    }
  ],
  "gender": {
    "@id": "https://d-nb.info/standards/vocab/gnd/gender#male",
    "label": "Mann"
  },
  "biographicalOrHistoricalInformation": "1585 stud. med. in Basel, 1586 dr. med. in Basel; Prof. in Groningen; Leibarzt und Rat des Herzogs Julius von Wolfenbu\u0308ttel",
  "relatedPerson": [
    {
      "relationship": "VD-16 Mitverf.",
      "preferredName": "Gaspard Bauhin"
    },
    {
      "@id": "https://d-nb.info/gnd/118778722",
      "relationship": "VD-16 Mitverf.",
      "preferredName": "Hubert Languet"
    },
    {
      "@id": "https://d-nb.info/gnd/115833463",
      "relationship": "VD-16 Mitverf.",
      "preferredName": "Heinrich Meibom"
    },
    {
      "@id": "https://d-nb.info/gnd/118584200",
      "relationship": "VD-16 Mitverf.",
      "preferredName": "Philippe de Mornay"
    },
    {
      "@id": "https://d-nb.info/gnd/119788829",
      "relationship": "VD-16 Mitverf.",
      "preferredName": "Baldassaro Pisanelli"
    },
    {
      "relationship": "VD-16 Mitverf.",
      "preferredName": "Reinhard Reineck"
    },
    {
      "relationship": "VD-16 Mitverf.",
      "preferredName": "Daniel Sachse"
    },
    {
      "relationship": "Hannover; VD-16 Mitverf.",
      "preferredName": "Johannes Werner"
    },
    {
      "relationship": "VD-16 Mitverf.",
      "preferredName": "Kaspar Wolf"
    },
    {
      "relationship": "VD-16 Mitverf.",
      "preferredName": "Salomon Frenzel"
    }
  ],
  "familialRelationship": [
    {
      "@id": "https://d-nb.info/gnd/1055662138",
      "relationship": "Tochter",
      "preferredName": "Hedwig Magdalena Raida"
    }
  ],
  "sameAs": [
    {
      "@id": "https://d-nb.info/gnd/129194166/about",
      "collection": {
        "abbr": "DNB",
        "name": "Gemeinsame Normdatei (GND) im Katalog der Deutschen Nationalbibliothek",
        "publisher": "Deutsche Nationalbibliothek",
        "icon": "https://www.dnb.de/SiteGlobals/Frontend/DNBWeb/Images/favicon.png?__blob=normal&v=4"
      }
    },
    {
      "@id": "https://kalliope-verbund.info/gnd/129194166",
      "collection": {
        "abbr": "DE-611",
        "name": "Kalliope Verbundkatalog",
        "publisher": "Staatsbibliothek zu Berlin - Preu\u00dfischer Kulturbesitz",
        "icon": "https://kalliope-verbund.info/img/favicon.ico"
      }
    },
    {
      "@id": "https://raa.gf-franken.de/de/suche-nach-stammbucheintraegen.html?permaLink=1570_manlius;91",
      "collection": {
        "abbr": "RAAE",
        "name": "Repertorium Alborum Amicorum (RAA) - Stammbucheintr\u00e4ge",
        "publisher": "Department Germanistik und Komparatistik der Friedrich-Alexander-Universit\u00e4t Erlangen-N\u00fcrnberg in Zusammenarbeit mit der Gesellschaft f\u00fcr Familienforschung in Franken",
        "icon": "https://www.gf-franken.de/favicon.ico"
      }
    },
    {
      "@id": "https://raa.gf-franken.de/de/suche-nach-stammbuechern.html?permaLink=1586_freitag",
      "collection": {
        "abbr": "RAAS",
        "name": "Repertorium Alborum Amicorum (RAA) - Stammb\u00fccher",
        "publisher": "Department Germanistik und Komparatistik der Friedrich-Alexander-Universit\u00e4t Erlangen-N\u00fcrnberg in Zusammenarbeit mit der Gesellschaft f\u00fcr Familienforschung in Franken",
        "icon": "https://www.gf-franken.de/favicon.ico"
      }
    },
    {
      "@id": "https://www.deutsche-digitale-bibliothek.de/person/gnd/129194166",
      "collection": {
        "abbr": "DDB",
        "name": "Deutsche Digitale Bibliothek",
        "publisher": "Deutsche Digitale Bibliothek",
        "icon": "https://www.deutsche-digitale-bibliothek.de/favicon.ico"
      }
    },
    {
      "@id": "http://id.loc.gov/rwo/agents/n2003076981",
      "collection": {
        "abbr": "LC",
        "name": "NACO Authority File",
        "publisher": "Library of Congress",
        "icon": "https://www.loc.gov/favicon.ico"
      }
    },
    {
      "@id": "http://viaf.org/viaf/25676192",
      "collection": {
        "abbr": "VIAF",
        "name": "Virtual International Authority File (VIAF)",
        "publisher": "OCLC",
        "icon": "https://viaf.org/viaf/images/viaf.ico"
      }
    },
    {
      "@id": "http://www.wikidata.org/entity/Q60829084",
      "collection": {
        "abbr": "WIKIDATA",
        "name": "Wikidata",
        "publisher": "Wikimedia Foundation Inc.",
        "icon": "https://www.wikidata.org/static/favicon/wikidata.ico"
      }
    },
    {
      "@id": "https://isni.org/isni/0000000108810866",
      "collection": {
        "abbr": "ISNI",
        "name": "International Standard Name Identifier (ISNI)",
        "publisher": "International Standard Name Identifier (ISNI)",
        "icon": "https://www.isni.org/sites/default/files/isni_new_favicon.ico"
      }
    }
  ]
}