{
  "@context": "http://hub.culturegraph.org/entityfacts/context/v1/entityfacts.jsonld",
  "@id": "https://d-nb.info/gnd/129073970",
  "describedBy": {
    "valid": "2026-04-26T17:23:56Z",
    "license": "https://creativecommons.org/publicdomain/zero/1.0/",
    "@id": "https://hub.culturegraph.org/entityfacts/129073970"
  },
  "preferredName": "Pieter Cornelis van Brederode",
  "surname": "Brederode",
  "prefix": "van",
  "forename": "Pieter Cornelis",
  "@type": "person",
  "variantName": [
    "Petrus Cornelius van Brederodius",
    "Petrus Cornelius Brederodus",
    "Petrus Cornelius van Brederode",
    "Petrus Brederodius",
    "Pieter Cornelius van Brederode",
    "P. C. B.",
    "Cornel. Brederodius",
    "Petrus Corn. Brederodius",
    "P. Cornelius Brederodius",
    "Cornelius Brederodius",
    "Pieter Cornelis Van Brederode",
    "Petrus Cornelius Brederode",
    "Petrus Cornelius Brederodius",
    "Pierre Corneille de Brederode",
    "Peter Brederode",
    "Pierre Bergeron",
    "Petro de Bredenrode",
    "Petrus Cornelius De Brederode",
    "Pieter Cornelisz van Brederode",
    "Petrus Brederode",
    "... Brederode",
    "Peter van Brederode"
  ],
  "dateOfBirth": "1559",
  "dateOfDeath": "1637",
  "placeOfBirth": [
    {
      "@id": "https://d-nb.info/gnd/4011446-6",
      "preferredName": "Den Haag"
    }
  ],
  "associatedCountry": [
    {
      "@id": "https://d-nb.info/standards/vocab/gnd/geographic-area-code#XA-NL",
      "preferredName": "Niederlande"
    }
  ],
  "professionOrOccupation": [
    {
      "@id": "https://d-nb.info/gnd/4029050-5",
      "preferredName": "Jurist"
    }
  ],
  "gender": {
    "@id": "https://d-nb.info/standards/vocab/gnd/gender#male",
    "label": "Mann"
  },
  "biographicalOrHistoricalInformation": "1602-1637 Agent der Generalstaaten in Frankfurt, 1623-1637 zusa\u0308tzlich in der Schweiz ; Gesandter (ndl.) bei den evangelischen Fu\u0308rsten und Sta\u0308nden in Deutschland. Aus der politischen Umgebung des Kurfu\u0308rsten Friedrich von der Pfalz",
  "relatedPerson": [
    {
      "@id": "https://d-nb.info/gnd/118514474",
      "relationship": "VD-16 Mitverf.",
      "preferredName": "Sebastian Brant"
    },
    {
      "@id": "https://d-nb.info/gnd/118837478",
      "relationship": "VD-16 Mitverf.",
      "preferredName": "Diego de Covarrubias y Leyva"
    },
    {
      "@id": "https://d-nb.info/gnd/100093876",
      "relationship": "VD-16 Mitverf.",
      "preferredName": "Jacques Cujas"
    },
    {
      "@id": "https://d-nb.info/gnd/119064227",
      "relationship": "VD-16 Mitverf.",
      "preferredName": "Franciscus Modius"
    },
    {
      "relationship": "VD-16 Mitverf.",
      "preferredName": "Pietro Alvarotti"
    },
    {
      "relationship": "VD-16 Mitverf.",
      "preferredName": "Bartolus, aus Sassoferrato"
    },
    {
      "relationship": "VD-16 Mitverf.",
      "preferredName": "Tiberio Deciano"
    },
    {
      "relationship": "VD-16 Mitverf.",
      "preferredName": "Fortunio Garci\u0301a de Erzilla"
    },
    {
      "relationship": "VD-16 Mitverf.",
      "preferredName": "Denis Godefroy"
    },
    {
      "relationship": "VD-16 Mitverf.",
      "preferredName": "Martinus Garratus"
    }
  ],
  "depiction": {
    "@id": "https://commons.wikimedia.org/wiki/Special:FilePath/Arolsen%20Klebeband%2001%20573%201.jpg",
    "publisher": "Wikimedia Commons",
    "copyrighted": "false",
    "creator": [
      "Jacob van der Heyden"
    ],
    "creditText": [
      "http://digi.ub.uni-heidelberg.de/fwhb/klebeband1"
    ],
    "license": [
      {
        "@id": "https://creativecommons.org/publicdomain/mark/1.0/",
        "abbr": "PD",
        "name": "Public Domain",
        "attributionRequired": "false",
        "restrictions": ""
      }
    ],
    "url": "https://commons.wikimedia.org/wiki/File:Arolsen%20Klebeband%2001%20573%201.jpg?uselang=en",
    "thumbnail": {
      "@id": "https://commons.wikimedia.org/wiki/Special:FilePath/Arolsen%20Klebeband%2001%20573%201.jpg?width=270"
    }
  },
  "sameAs": [
    {
      "@id": "https://d-nb.info/gnd/129073970/about",
      "collection": {
        "abbr": "DNB",
        "name": "Gemeinsame Normdatei (GND) im Katalog der Deutschen Nationalbibliothek",
        "publisher": "Deutsche Nationalbibliothek",
        "icon": "https://www.dnb.de/SiteGlobals/Frontend/DNBWeb/Images/favicon.png?__blob=normal&v=4"
      }
    },
    {
      "@id": "https://kalliope-verbund.info/gnd/129073970",
      "collection": {
        "abbr": "DE-611",
        "name": "Kalliope Verbundkatalog",
        "publisher": "Staatsbibliothek zu Berlin - Preu\u00dfischer Kulturbesitz",
        "icon": "https://kalliope-verbund.info/img/favicon.ico"
      }
    },
    {
      "@id": "https://raa.gf-franken.de/de/suche-nach-stammbucheintraegen.html?permaLink=1581_sauermann;17",
      "collection": {
        "abbr": "RAAE",
        "name": "Repertorium Alborum Amicorum (RAA) - Stammbucheintr\u00e4ge",
        "publisher": "Department Germanistik und Komparatistik der Friedrich-Alexander-Universit\u00e4t Erlangen-N\u00fcrnberg in Zusammenarbeit mit der Gesellschaft f\u00fcr Familienforschung in Franken",
        "icon": "https://www.gf-franken.de/favicon.ico"
      }
    },
    {
      "@id": "https://raa.gf-franken.de/de/suche-nach-stammbucheintraegen.html?permaLink=1583_gerardszoon;18",
      "collection": {
        "abbr": "RAAE",
        "name": "Repertorium Alborum Amicorum (RAA) - Stammbucheintr\u00e4ge",
        "publisher": "Department Germanistik und Komparatistik der Friedrich-Alexander-Universit\u00e4t Erlangen-N\u00fcrnberg in Zusammenarbeit mit der Gesellschaft f\u00fcr Familienforschung in Franken",
        "icon": "https://www.gf-franken.de/favicon.ico"
      }
    },
    {
      "@id": "https://raa.gf-franken.de/de/suche-nach-stammbucheintraegen.html?permaLink=1587_faesch;22",
      "collection": {
        "abbr": "RAAE",
        "name": "Repertorium Alborum Amicorum (RAA) - Stammbucheintr\u00e4ge",
        "publisher": "Department Germanistik und Komparatistik der Friedrich-Alexander-Universit\u00e4t Erlangen-N\u00fcrnberg in Zusammenarbeit mit der Gesellschaft f\u00fcr Familienforschung in Franken",
        "icon": "https://www.gf-franken.de/favicon.ico"
      }
    },
    {
      "@id": "https://raa.gf-franken.de/de/suche-nach-stammbucheintraegen.html?permaLink=1589_stradtmann;20",
      "collection": {
        "abbr": "RAAE",
        "name": "Repertorium Alborum Amicorum (RAA) - Stammbucheintr\u00e4ge",
        "publisher": "Department Germanistik und Komparatistik der Friedrich-Alexander-Universit\u00e4t Erlangen-N\u00fcrnberg in Zusammenarbeit mit der Gesellschaft f\u00fcr Familienforschung in Franken",
        "icon": "https://www.gf-franken.de/favicon.ico"
      }
    },
    {
      "@id": "https://raa.gf-franken.de/de/suche-nach-stammbucheintraegen.html?permaLink=1591_brtnicky;23",
      "collection": {
        "abbr": "RAAE",
        "name": "Repertorium Alborum Amicorum (RAA) - Stammbucheintr\u00e4ge",
        "publisher": "Department Germanistik und Komparatistik der Friedrich-Alexander-Universit\u00e4t Erlangen-N\u00fcrnberg in Zusammenarbeit mit der Gesellschaft f\u00fcr Familienforschung in Franken",
        "icon": "https://www.gf-franken.de/favicon.ico"
      }
    },
    {
      "@id": "https://raa.gf-franken.de/de/suche-nach-stammbucheintraegen.html?permaLink=1599_ruychaver1;39",
      "collection": {
        "abbr": "RAAE",
        "name": "Repertorium Alborum Amicorum (RAA) - Stammbucheintr\u00e4ge",
        "publisher": "Department Germanistik und Komparatistik der Friedrich-Alexander-Universit\u00e4t Erlangen-N\u00fcrnberg in Zusammenarbeit mit der Gesellschaft f\u00fcr Familienforschung in Franken",
        "icon": "https://www.gf-franken.de/favicon.ico"
      }
    },
    {
      "@id": "https://raa.gf-franken.de/de/suche-nach-stammbucheintraegen.html?permaLink=1601_bernegger;7",
      "collection": {
        "abbr": "RAAE",
        "name": "Repertorium Alborum Amicorum (RAA) - Stammbucheintr\u00e4ge",
        "publisher": "Department Germanistik und Komparatistik der Friedrich-Alexander-Universit\u00e4t Erlangen-N\u00fcrnberg in Zusammenarbeit mit der Gesellschaft f\u00fcr Familienforschung in Franken",
        "icon": "https://www.gf-franken.de/favicon.ico"
      }
    },
    {
      "@id": "https://raa.gf-franken.de/de/suche-nach-stammbucheintraegen.html?permaLink=1601_filiczki;107",
      "collection": {
        "abbr": "RAAE",
        "name": "Repertorium Alborum Amicorum (RAA) - Stammbucheintr\u00e4ge",
        "publisher": "Department Germanistik und Komparatistik der Friedrich-Alexander-Universit\u00e4t Erlangen-N\u00fcrnberg in Zusammenarbeit mit der Gesellschaft f\u00fcr Familienforschung in Franken",
        "icon": "https://www.gf-franken.de/favicon.ico"
      }
    },
    {
      "@id": "https://raa.gf-franken.de/de/suche-nach-stammbucheintraegen.html?permaLink=1603_verhoeve;55",
      "collection": {
        "abbr": "RAAE",
        "name": "Repertorium Alborum Amicorum (RAA) - Stammbucheintr\u00e4ge",
        "publisher": "Department Germanistik und Komparatistik der Friedrich-Alexander-Universit\u00e4t Erlangen-N\u00fcrnberg in Zusammenarbeit mit der Gesellschaft f\u00fcr Familienforschung in Franken",
        "icon": "https://www.gf-franken.de/favicon.ico"
      }
    },
    {
      "@id": "https://raa.gf-franken.de/de/suche-nach-stammbucheintraegen.html?permaLink=1606_makonia;53",
      "collection": {
        "abbr": "RAAE",
        "name": "Repertorium Alborum Amicorum (RAA) - Stammbucheintr\u00e4ge",
        "publisher": "Department Germanistik und Komparatistik der Friedrich-Alexander-Universit\u00e4t Erlangen-N\u00fcrnberg in Zusammenarbeit mit der Gesellschaft f\u00fcr Familienforschung in Franken",
        "icon": "https://www.gf-franken.de/favicon.ico"
      }
    },
    {
      "@id": "https://raa.gf-franken.de/de/suche-nach-stammbucheintraegen.html?permaLink=1610_fetzer1;31",
      "collection": {
        "abbr": "RAAE",
        "name": "Repertorium Alborum Amicorum (RAA) - Stammbucheintr\u00e4ge",
        "publisher": "Department Germanistik und Komparatistik der Friedrich-Alexander-Universit\u00e4t Erlangen-N\u00fcrnberg in Zusammenarbeit mit der Gesellschaft f\u00fcr Familienforschung in Franken",
        "icon": "https://www.gf-franken.de/favicon.ico"
      }
    },
    {
      "@id": "https://raa.gf-franken.de/de/suche-nach-stammbucheintraegen.html?permaLink=1611_cumming;83",
      "collection": {
        "abbr": "RAAE",
        "name": "Repertorium Alborum Amicorum (RAA) - Stammbucheintr\u00e4ge",
        "publisher": "Department Germanistik und Komparatistik der Friedrich-Alexander-Universit\u00e4t Erlangen-N\u00fcrnberg in Zusammenarbeit mit der Gesellschaft f\u00fcr Familienforschung in Franken",
        "icon": "https://www.gf-franken.de/favicon.ico"
      }
    },
    {
      "@id": "https://raa.gf-franken.de/de/suche-nach-stammbucheintraegen.html?permaLink=1612_uchtemann;2",
      "collection": {
        "abbr": "RAAE",
        "name": "Repertorium Alborum Amicorum (RAA) - Stammbucheintr\u00e4ge",
        "publisher": "Department Germanistik und Komparatistik der Friedrich-Alexander-Universit\u00e4t Erlangen-N\u00fcrnberg in Zusammenarbeit mit der Gesellschaft f\u00fcr Familienforschung in Franken",
        "icon": "https://www.gf-franken.de/favicon.ico"
      }
    },
    {
      "@id": "https://raa.gf-franken.de/de/suche-nach-stammbucheintraegen.html?permaLink=1614_lempereur;123",
      "collection": {
        "abbr": "RAAE",
        "name": "Repertorium Alborum Amicorum (RAA) - Stammbucheintr\u00e4ge",
        "publisher": "Department Germanistik und Komparatistik der Friedrich-Alexander-Universit\u00e4t Erlangen-N\u00fcrnberg in Zusammenarbeit mit der Gesellschaft f\u00fcr Familienforschung in Franken",
        "icon": "https://www.gf-franken.de/favicon.ico"
      }
    },
    {
      "@id": "https://raa.gf-franken.de/de/suche-nach-stammbucheintraegen.html?permaLink=1625_frey;10",
      "collection": {
        "abbr": "RAAE",
        "name": "Repertorium Alborum Amicorum (RAA) - Stammbucheintr\u00e4ge",
        "publisher": "Department Germanistik und Komparatistik der Friedrich-Alexander-Universit\u00e4t Erlangen-N\u00fcrnberg in Zusammenarbeit mit der Gesellschaft f\u00fcr Familienforschung in Franken",
        "icon": "https://www.gf-franken.de/favicon.ico"
      }
    },
    {
      "@id": "https://raa.gf-franken.de/de/suche-nach-stammbucheintraegen.html?permaLink=1627_clignet;16",
      "collection": {
        "abbr": "RAAE",
        "name": "Repertorium Alborum Amicorum (RAA) - Stammbucheintr\u00e4ge",
        "publisher": "Department Germanistik und Komparatistik der Friedrich-Alexander-Universit\u00e4t Erlangen-N\u00fcrnberg in Zusammenarbeit mit der Gesellschaft f\u00fcr Familienforschung in Franken",
        "icon": "https://www.gf-franken.de/favicon.ico"
      }
    },
    {
      "@id": "https://raa.gf-franken.de/de/suche-nach-stammbucheintraegen.html?permaLink=1627_harsdoerffer;12",
      "collection": {
        "abbr": "RAAE",
        "name": "Repertorium Alborum Amicorum (RAA) - Stammbucheintr\u00e4ge",
        "publisher": "Department Germanistik und Komparatistik der Friedrich-Alexander-Universit\u00e4t Erlangen-N\u00fcrnberg in Zusammenarbeit mit der Gesellschaft f\u00fcr Familienforschung in Franken",
        "icon": "https://www.gf-franken.de/favicon.ico"
      }
    },
    {
      "@id": "https://www.archivportal-d.de/person/gnd/129073970",
      "collection": {
        "abbr": "ARCHIV-D",
        "name": "Archivportal-D",
        "publisher": "Deutsche Digitale Bibliothek",
        "icon": "https://www.archivportal-d.de/favicon.ico"
      }
    },
    {
      "@id": "https://www.deutsche-digitale-bibliothek.de/person/gnd/129073970",
      "collection": {
        "abbr": "DDB",
        "name": "Deutsche Digitale Bibliothek",
        "publisher": "Deutsche Digitale Bibliothek",
        "icon": "https://www.deutsche-digitale-bibliothek.de/favicon.ico"
      }
    },
    {
      "@id": "https://www.portraitindex.de/dokumente/pnd/129073970",
      "collection": {
        "abbr": "Portraitindex",
        "name": "Digitaler Portraitindex der druckgraphischen Bildnisse der Fru\u0308hen Neuzeit",
        "publisher": "Deutsches Dokumentationszentrum fu\u0308r Kunstgeschichte - Bildarchiv Foto Marburg",
        "icon": "https://www.portraitindex.de/favicon.ico"
      }
    },
    {
      "@id": "http://id.loc.gov/rwo/agents/n88071032",
      "collection": {
        "abbr": "LC",
        "name": "NACO Authority File",
        "publisher": "Library of Congress",
        "icon": "https://www.loc.gov/favicon.ico"
      }
    },
    {
      "@id": "http://viaf.org/viaf/120156030",
      "collection": {
        "abbr": "VIAF",
        "name": "Virtual International Authority File (VIAF)",
        "publisher": "OCLC",
        "icon": "https://viaf.org/viaf/images/viaf.ico"
      }
    },
    {
      "@id": "http://www.wikidata.org/entity/Q41567100",
      "collection": {
        "abbr": "WIKIDATA",
        "name": "Wikidata",
        "publisher": "Wikimedia Foundation Inc.",
        "icon": "https://www.wikidata.org/static/favicon/wikidata.ico"
      }
    },
    {
      "@id": "https://isni.org/isni/0000000108603736",
      "collection": {
        "abbr": "ISNI",
        "name": "International Standard Name Identifier (ISNI)",
        "publisher": "International Standard Name Identifier (ISNI)",
        "icon": "https://www.isni.org/sites/default/files/isni_new_favicon.ico"
      }
    }
  ]
}