{
  "@context": "http://hub.culturegraph.org/entityfacts/context/v1/entityfacts.jsonld",
  "@id": "https://d-nb.info/gnd/128927569",
  "describedBy": {
    "valid": "2026-04-29T16:28:18Z",
    "license": "https://creativecommons.org/publicdomain/zero/1.0/",
    "@id": "https://hub.culturegraph.org/entityfacts/128927569"
  },
  "preferredName": "Martin Geislinger",
  "surname": "Geislinger",
  "forename": "Martin",
  "periodOfActivity": "1607",
  "@type": "person",
  "variantName": [
    "Martinus Gey\u00dflinger",
    "Martin Gey\u00dflinger"
  ],
  "professionOrOccupation": [
    {
      "@id": "https://d-nb.info/gnd/4029050-5",
      "preferredName": "Jurist"
    }
  ],
  "biographicalOrHistoricalInformation": "Jurist, Philosoph",
  "relatedPerson": [
    {
      "@id": "https://d-nb.info/gnd/116542675",
      "relationship": "VD-16 Mitverf.",
      "preferredName": "Scipione Gentili"
    },
    {
      "@id": "https://d-nb.info/gnd/13926437X",
      "relationship": "VD-16 Mitverf.",
      "preferredName": "Ludwig Camerarius"
    },
    {
      "@id": "https://d-nb.info/gnd/119713829",
      "relationship": "VD-16 Mitverf.",
      "preferredName": "Philipp Heinrich Homagius"
    },
    {
      "relationship": "VD-16 Mitverf.",
      "preferredName": "Georg Rem"
    },
    {
      "@id": "https://d-nb.info/gnd/117751944",
      "relationship": "VD-16 Mitverf.",
      "preferredName": "Ernst Soner"
    },
    {
      "@id": "https://d-nb.info/gnd/117557633",
      "relationship": "VD-16 Mitverf.",
      "preferredName": "Georg Mauricius"
    },
    {
      "@id": "https://d-nb.info/gnd/119804026",
      "relationship": "VD-16 Mitverf.",
      "preferredName": "Georg Rhodigast"
    },
    {
      "@id": "https://d-nb.info/gnd/119704579",
      "relationship": "VD-16 Mitverf.",
      "preferredName": "Richard Hemmel"
    },
    {
      "relationship": "VD-16 Mitverf.",
      "preferredName": "Paul Schede"
    },
    {
      "@id": "https://d-nb.info/gnd/119802341",
      "relationship": "VD-16 Mitverf.",
      "preferredName": "Valentin Restius"
    }
  ],
  "sameAs": [
    {
      "@id": "https://d-nb.info/gnd/128927569/about",
      "collection": {
        "abbr": "DNB",
        "name": "Gemeinsame Normdatei (GND) im Katalog der Deutschen Nationalbibliothek",
        "publisher": "Deutsche Nationalbibliothek",
        "icon": "https://www.dnb.de/SiteGlobals/Frontend/DNBWeb/Images/favicon.png?__blob=normal&v=4"
      }
    },
    {
      "@id": "https://aaa.gf-franken.de/de/recherche.html?permaLink=L1060",
      "collection": {
        "abbr": "AAA",
        "name": "Album Academicum Altorphinum (AAA)",
        "publisher": "Department Germanistik und Komparatistik der Friedrich-Alexander-Universit\u00e4t Erlangen-N\u00fcrnberg in Zusammenarbeit mit der Gesellschaft f\u00fcr Familienforschung in Franken",
        "icon": "https://www.gf-franken.de/favicon.ico"
      }
    },
    {
      "@id": "http://viaf.org/viaf/40441706",
      "collection": {
        "abbr": "VIAF",
        "name": "Virtual International Authority File (VIAF)",
        "publisher": "OCLC",
        "icon": "https://viaf.org/viaf/images/viaf.ico"
      }
    },
    {
      "@id": "https://isni.org/isni/0000000021179928",
      "collection": {
        "abbr": "ISNI",
        "name": "International Standard Name Identifier (ISNI)",
        "publisher": "International Standard Name Identifier (ISNI)",
        "icon": "https://www.isni.org/sites/default/files/isni_new_favicon.ico"
      }
    }
  ]
}