{
  "@context": "http://hub.culturegraph.org/entityfacts/context/v1/entityfacts.jsonld",
  "@id": "https://d-nb.info/gnd/128689684",
  "describedBy": {
    "valid": "2026-04-27T14:33:47Z",
    "license": "https://creativecommons.org/publicdomain/zero/1.0/",
    "@id": "https://hub.culturegraph.org/entityfacts/128689684"
  },
  "preferredName": "Andreas Knospius",
  "surname": "Knospius",
  "forename": "Andreas",
  "periodOfActivity": "1600\u20131644",
  "@type": "person",
  "academicDegree": [
    "Magister"
  ],
  "variantName": [
    "Andreas Knosp",
    "Andreas Knospe",
    "Andreas Cnospius",
    "Andreas Cnosp"
  ],
  "placeOfBirth": [
    {
      "@id": "https://d-nb.info/gnd/4001632-8",
      "preferredName": "Amberg"
    }
  ],
  "placeOfActivity": [
    {
      "@id": "https://d-nb.info/gnd/4028557-1",
      "preferredName": "Jena"
    },
    {
      "@id": "https://d-nb.info/gnd/4065051-0",
      "preferredName": "Weiden i.d. OPf."
    },
    {
      "@id": "https://d-nb.info/gnd/4042742-0",
      "preferredName": "Nu\u0308rnberg"
    }
  ],
  "associatedCountry": [
    {
      "@id": "https://d-nb.info/standards/vocab/gnd/geographic-area-code#XA-DE",
      "preferredName": "Deutschland"
    }
  ],
  "gender": {
    "@id": "https://d-nb.info/standards/vocab/gnd/gender#male",
    "label": "Mann"
  },
  "biographicalOrHistoricalInformation": "Dt. Pa\u0308dagoge und neulat. Poet; Student in Jena; Lehrer in Weiden; als Exulant in Nu\u0308rnberg",
  "relatedPerson": [
    {
      "@id": "https://d-nb.info/gnd/1068191317",
      "relationship": "VD-16 Mitverf.",
      "preferredName": "Johannes Bleymo\u0308ller"
    },
    {
      "@id": "https://d-nb.info/gnd/119663198",
      "relationship": "VD-16 Mitverf.",
      "preferredName": "Georg Engelbrecht"
    },
    {
      "@id": "https://d-nb.info/gnd/11966707X",
      "relationship": "VD-16 Mitverf.",
      "preferredName": "Johannes von Nordhausen Faber"
    },
    {
      "@id": "https://d-nb.info/gnd/119677059",
      "relationship": "VD-16 Mitverf.",
      "preferredName": "Nikolaus Friderici"
    },
    {
      "@id": "https://d-nb.info/gnd/104271132",
      "relationship": "VD-16 Mitverf.",
      "preferredName": "Pankraz Gallus"
    },
    {
      "@id": "https://d-nb.info/gnd/11969297X",
      "relationship": "VD-16 Mitverf.",
      "preferredName": "Kaspar Grossius"
    },
    {
      "@id": "https://d-nb.info/gnd/115447113",
      "relationship": "VD-16 Mitverf.",
      "preferredName": "Samuel Haunschild"
    },
    {
      "@id": "https://d-nb.info/gnd/119747693",
      "relationship": "VD-16 Mitverf.",
      "preferredName": "Lorenz Lucanus"
    },
    {
      "@id": "https://d-nb.info/gnd/119758407",
      "relationship": "VD-16 Mitverf.",
      "preferredName": "Michael Meisius"
    },
    {
      "@id": "https://d-nb.info/gnd/115525513",
      "relationship": "VD-16 Mitverf.",
      "preferredName": "Peter Piscator"
    }
  ],
  "sameAs": [
    {
      "@id": "https://d-nb.info/gnd/128689684/about",
      "collection": {
        "abbr": "DNB",
        "name": "Gemeinsame Normdatei (GND) im Katalog der Deutschen Nationalbibliothek",
        "publisher": "Deutsche Nationalbibliothek",
        "icon": "https://www.dnb.de/SiteGlobals/Frontend/DNBWeb/Images/favicon.png?__blob=normal&v=4"
      }
    },
    {
      "@id": "https://raa.gf-franken.de/de/suche-nach-stammbuechern.html?permaLink=1606_cnospius",
      "collection": {
        "abbr": "RAAS",
        "name": "Repertorium Alborum Amicorum (RAA) - Stammb\u00fccher",
        "publisher": "Department Germanistik und Komparatistik der Friedrich-Alexander-Universit\u00e4t Erlangen-N\u00fcrnberg in Zusammenarbeit mit der Gesellschaft f\u00fcr Familienforschung in Franken",
        "icon": "https://www.gf-franken.de/favicon.ico"
      }
    },
    {
      "@id": "https://www.deutsche-digitale-bibliothek.de/person/gnd/128689684",
      "collection": {
        "abbr": "DDB",
        "name": "Deutsche Digitale Bibliothek",
        "publisher": "Deutsche Digitale Bibliothek",
        "icon": "https://www.deutsche-digitale-bibliothek.de/favicon.ico"
      }
    },
    {
      "@id": "http://viaf.org/viaf/72450910",
      "collection": {
        "abbr": "VIAF",
        "name": "Virtual International Authority File (VIAF)",
        "publisher": "OCLC",
        "icon": "https://viaf.org/viaf/images/viaf.ico"
      }
    }
  ]
}