{
  "@context": "http://hub.culturegraph.org/entityfacts/context/v1/entityfacts.jsonld",
  "@id": "https://d-nb.info/gnd/128656212",
  "describedBy": {
    "valid": "2026-04-29T07:14:56Z",
    "license": "https://creativecommons.org/publicdomain/zero/1.0/",
    "@id": "https://hub.culturegraph.org/entityfacts/128656212"
  },
  "preferredName": "Paul Sperling",
  "surname": "Sperling",
  "forename": "Paul",
  "@type": "person",
  "academicDegree": [
    "Prof. Dr. theol."
  ],
  "variantName": [
    "Paul Sperling, der Ju\u0308ngere",
    "Paulus Sperling",
    "Paulus Sperlingius",
    "Paul Sperlingius",
    "Paulus Sperlingius, Filius",
    "Paulus Sperling, Iunior",
    "Paulus P. F. Sperling",
    "Paul P. F. Sperling"
  ],
  "dateOfBirth": "November 9, 1605",
  "dateOfDeath": "April 27, 1679",
  "placeOfBirth": [
    {
      "@id": "https://d-nb.info/gnd/4023118-5",
      "preferredName": "Hamburg"
    }
  ],
  "placeOfDeath": [
    {
      "@id": "https://d-nb.info/gnd/4030481-4",
      "preferredName": "Kiel"
    }
  ],
  "placeOfActivity": [
    {
      "@id": "https://d-nb.info/gnd/4007721-4",
      "preferredName": "Bordesholm"
    },
    {
      "@id": "https://d-nb.info/gnd/4030481-4",
      "preferredName": "Kiel"
    }
  ],
  "associatedCountry": [
    {
      "@id": "https://d-nb.info/standards/vocab/gnd/geographic-area-code#XA-DE",
      "preferredName": "Deutschland"
    }
  ],
  "professionOrOccupation": [
    {
      "@id": "https://d-nb.info/gnd/4015882-2",
      "preferredName": "Evangelischer Theologe"
    },
    {
      "@id": "https://d-nb.info/gnd/4132592-8",
      "preferredName": "Pfarrer"
    },
    {
      "@id": "https://d-nb.info/gnd/4209068-4",
      "preferredName": "Propst"
    },
    {
      "@id": "https://d-nb.info/gnd/4025243-7",
      "preferredName": "Hochschullehrer"
    },
    {
      "@id": "https://d-nb.info/gnd/4158589-6",
      "preferredName": "Gymnasiallehrer"
    },
    {
      "@id": "https://d-nb.info/gnd/4199252-0",
      "preferredName": "Rektor"
    },
    {
      "@id": "https://d-nb.info/gnd/4160414-3",
      "preferredName": "Hofmeister"
    }
  ],
  "biographicalOrHistoricalInformation": "Schu\u0308ler in Hamburg; Student in Rostock und Holland; 1633 Hofmeister bei Prinz Rudolf August von Braunschweig-Wolfenbu\u0308ttel; 1635 Rektor und Pastor zu Bordesholm, 1643 zugleich Propst von Holstein; 1665 Propst und Professor fu\u0308r biblische und kirchliche Altertu\u0308mer sowie fu\u0308r geistliche Beredtsamkeit in Kiel; 1666 Dr. theol.",
  "affiliation": [
    {
      "@id": "https://d-nb.info/gnd/2024175-6",
      "preferredName": "Christian-Albrechts-Universita\u0308t zu Kiel"
    },
    {
      "@id": "https://d-nb.info/gnd/2106175-0",
      "preferredName": "Christian-Albrechts-Universita\u0308t zu Kiel. Theologische Fakulta\u0308t"
    }
  ],
  "familialRelationship": [
    {
      "@id": "https://d-nb.info/gnd/128654155",
      "relationship": "Vater",
      "preferredName": "Paul Sperling"
    }
  ],
  "sameAs": [
    {
      "@id": "https://d-nb.info/gnd/128656212/about",
      "collection": {
        "abbr": "DNB",
        "name": "Gemeinsame Normdatei (GND) im Katalog der Deutschen Nationalbibliothek",
        "publisher": "Deutsche Nationalbibliothek",
        "icon": "https://www.dnb.de/SiteGlobals/Frontend/DNBWeb/Images/favicon.png?__blob=normal&v=4"
      }
    },
    {
      "@id": "https://de.wikipedia.org/wiki/Paul_Sperling_%28P%C3%A4dagoge%2C_1605%29",
      "collection": {
        "abbr": "dewiki",
        "name": "Wikipedia (Deutsch)",
        "publisher": "Wikimedia Foundation Inc.",
        "icon": "https://de.wikipedia.org/static/favicon/wikipedia.ico"
      }
    },
    {
      "@id": "https://raa.gf-franken.de/de/suche-nach-stammbucheintraegen.html?permaLink=1624_dohausen;292",
      "collection": {
        "abbr": "RAAE",
        "name": "Repertorium Alborum Amicorum (RAA) - Stammbucheintr\u00e4ge",
        "publisher": "Department Germanistik und Komparatistik der Friedrich-Alexander-Universit\u00e4t Erlangen-N\u00fcrnberg in Zusammenarbeit mit der Gesellschaft f\u00fcr Familienforschung in Franken",
        "icon": "https://www.gf-franken.de/favicon.ico"
      }
    },
    {
      "@id": "https://www.deutsche-digitale-bibliothek.de/person/gnd/128656212",
      "collection": {
        "abbr": "DDB",
        "name": "Deutsche Digitale Bibliothek",
        "publisher": "Deutsche Digitale Bibliothek",
        "icon": "https://www.deutsche-digitale-bibliothek.de/favicon.ico"
      }
    },
    {
      "@id": "http://viaf.org/viaf/30594715",
      "collection": {
        "abbr": "VIAF",
        "name": "Virtual International Authority File (VIAF)",
        "publisher": "OCLC",
        "icon": "https://viaf.org/viaf/images/viaf.ico"
      }
    },
    {
      "@id": "http://www.wikidata.org/entity/Q58229844",
      "collection": {
        "abbr": "WIKIDATA",
        "name": "Wikidata",
        "publisher": "Wikimedia Foundation Inc.",
        "icon": "https://www.wikidata.org/static/favicon/wikidata.ico"
      }
    },
    {
      "@id": "https://isni.org/isni/000000002088991X",
      "collection": {
        "abbr": "ISNI",
        "name": "International Standard Name Identifier (ISNI)",
        "publisher": "International Standard Name Identifier (ISNI)",
        "icon": "https://www.isni.org/sites/default/files/isni_new_favicon.ico"
      }
    }
  ]
}