{
  "@context": "http://hub.culturegraph.org/entityfacts/context/v1/entityfacts.jsonld",
  "@id": "https://d-nb.info/gnd/128617632",
  "describedBy": {
    "valid": "2026-04-27T16:47:46Z",
    "license": "https://creativecommons.org/publicdomain/zero/1.0/",
    "@id": "https://hub.culturegraph.org/entityfacts/128617632"
  },
  "preferredName": "Martin Du Bellay",
  "surname": "Du Bellay",
  "forename": "Martin",
  "@type": "person",
  "variantName": [
    "Martin du Bellay",
    "Martin Du Bellai-Langei",
    "Martin Du Bellay de Langey",
    "Martin D. de Langey",
    "Martin Bellajus Langaeus",
    "Martin Bellaius",
    "Martin B. Langaeus",
    "Martin Bellai-Langei",
    "Martin B.-Langei",
    "Martin DuBellay",
    "Martin DuBellai-Langei",
    "Martin DuBellay de Langey",
    "Martinus Bellaius",
    "Martin du Bellay Yvetot",
    "Martinus Bellaius Langaeus",
    "Martinus B. Langaeus",
    "Martinus Bellacius",
    "Martin DuBellay de Langey"
  ],
  "dateOfBirth": "1495",
  "dateOfDeath": "1559",
  "associatedCountry": [
    {
      "@id": "https://d-nb.info/standards/vocab/gnd/geographic-area-code#XA-FR",
      "preferredName": "Frankreich"
    }
  ],
  "biographicalOrHistoricalInformation": "Franz. Adeliger; Seigneur de Langey",
  "relatedPerson": [
    {
      "relationship": "VD-16 Mitverf.",
      "preferredName": "Guillaume DuBellay"
    },
    {
      "relationship": "VD-16 Mitverf.",
      "preferredName": "Rene\u0301 DuBellay"
    },
    {
      "@id": "https://d-nb.info/gnd/11965900X",
      "relationship": "VD-16 Mitverf.",
      "preferredName": "Hugues Sureau Du Rosier"
    }
  ],
  "familialRelationship": [
    {
      "@id": "https://d-nb.info/gnd/129084794",
      "relationship": "Bruder",
      "preferredName": "Guillaume Du Bellay"
    },
    {
      "@id": "https://d-nb.info/gnd/118113437",
      "relationship": "Bruder",
      "preferredName": "Jean Du Bellay"
    },
    {
      "@id": "https://d-nb.info/gnd/118527649",
      "relationship": "Neffe",
      "preferredName": "Joachim Du Bellay"
    },
    {
      "@id": "https://d-nb.info/gnd/119658119",
      "relationship": "Schwiegersohn",
      "preferredName": "Rene\u0301 Du Bellay"
    }
  ],
  "depiction": {
    "@id": "https://commons.wikimedia.org/wiki/Special:FilePath/Martin-du-Bellay%20portrait.jpg",
    "publisher": "Wikimedia Commons",
    "copyrighted": "false",
    "creator": [
      "Antoine Maurin, Fran\u00e7ois S\u00e9raphin Delpech"
    ],
    "creditText": [
      "Mus\u00e9e de Vend\u00f4me"
    ],
    "license": [
      {
        "@id": "https://creativecommons.org/publicdomain/mark/1.0/",
        "abbr": "PD",
        "name": "Public Domain",
        "attributionRequired": "false",
        "restrictions": ""
      }
    ],
    "url": "https://commons.wikimedia.org/wiki/File:Martin-du-Bellay%20portrait.jpg?uselang=en",
    "thumbnail": {
      "@id": "https://commons.wikimedia.org/wiki/Special:FilePath/Martin-du-Bellay%20portrait.jpg?width=270"
    }
  },
  "sameAs": [
    {
      "@id": "https://d-nb.info/gnd/128617632/about",
      "collection": {
        "abbr": "DNB",
        "name": "Gemeinsame Normdatei (GND) im Katalog der Deutschen Nationalbibliothek",
        "publisher": "Deutsche Nationalbibliothek",
        "icon": "https://www.dnb.de/SiteGlobals/Frontend/DNBWeb/Images/favicon.png?__blob=normal&v=4"
      }
    },
    {
      "@id": "http://catalogue.bnf.fr/ark:/12148/cb13163869w",
      "collection": {
        "abbr": "BNF",
        "name": "Bibliothe\u0300que nationale de France",
        "publisher": "Bibliothe\u0300que nationale de France",
        "icon": "https://www.bnf.fr/themes/custom/bnfsi/favicon.ico"
      }
    },
    {
      "@id": "https://en.wikipedia.org/wiki/Martin_du_Bellay",
      "collection": {
        "abbr": "enwiki",
        "name": "Wikipedia (English)",
        "publisher": "Wikimedia Foundation Inc.",
        "icon": "https://en.wikipedia.org/static/favicon/wikipedia.ico"
      }
    },
    {
      "@id": "https://kalliope-verbund.info/gnd/128617632",
      "collection": {
        "abbr": "DE-611",
        "name": "Kalliope Verbundkatalog",
        "publisher": "Staatsbibliothek zu Berlin - Preu\u00dfischer Kulturbesitz",
        "icon": "https://kalliope-verbund.info/img/favicon.ico"
      }
    },
    {
      "@id": "https://www.deutsche-digitale-bibliothek.de/person/gnd/128617632",
      "collection": {
        "abbr": "DDB",
        "name": "Deutsche Digitale Bibliothek",
        "publisher": "Deutsche Digitale Bibliothek",
        "icon": "https://www.deutsche-digitale-bibliothek.de/favicon.ico"
      }
    },
    {
      "@id": "https://www.portraitindex.de/dokumente/pnd/128617632",
      "collection": {
        "abbr": "Portraitindex",
        "name": "Digitaler Portraitindex der druckgraphischen Bildnisse der Fru\u0308hen Neuzeit",
        "publisher": "Deutsches Dokumentationszentrum fu\u0308r Kunstgeschichte - Bildarchiv Foto Marburg",
        "icon": "https://www.portraitindex.de/favicon.ico"
      }
    },
    {
      "@id": "http://id.loc.gov/rwo/agents/no2004061807",
      "collection": {
        "abbr": "LC",
        "name": "NACO Authority File",
        "publisher": "Library of Congress",
        "icon": "https://www.loc.gov/favicon.ico"
      }
    },
    {
      "@id": "http://viaf.org/viaf/22278502",
      "collection": {
        "abbr": "VIAF",
        "name": "Virtual International Authority File (VIAF)",
        "publisher": "OCLC",
        "icon": "https://viaf.org/viaf/images/viaf.ico"
      }
    },
    {
      "@id": "http://www.wikidata.org/entity/Q3295697",
      "collection": {
        "abbr": "WIKIDATA",
        "name": "Wikidata",
        "publisher": "Wikimedia Foundation Inc.",
        "icon": "https://www.wikidata.org/static/favicon/wikidata.ico"
      }
    },
    {
      "@id": "https://isni.org/isni/0000000079718349",
      "collection": {
        "abbr": "ISNI",
        "name": "International Standard Name Identifier (ISNI)",
        "publisher": "International Standard Name Identifier (ISNI)",
        "icon": "https://www.isni.org/sites/default/files/isni_new_favicon.ico"
      }
    }
  ]
}