{
  "@context": "http://hub.culturegraph.org/entityfacts/context/v1/entityfacts.jsonld",
  "@id": "https://d-nb.info/gnd/128565071",
  "describedBy": {
    "valid": "2026-04-27T14:58:52Z",
    "license": "https://creativecommons.org/publicdomain/zero/1.0/",
    "@id": "https://hub.culturegraph.org/entityfacts/128565071"
  },
  "preferredName": "Andreas Wilke",
  "surname": "Wilke",
  "forename": "Andreas",
  "@type": "person",
  "academicDegree": [
    "Magister"
  ],
  "variantName": [
    "Andreas Wilcke",
    "Andreas Wilchius",
    "Andreas Wilckius",
    "Andreas Wilkius",
    "And. Wilkius",
    "M. A. W.",
    "A. W.",
    "A. W."
  ],
  "dateOfBirth": "July 5, 1562",
  "dateOfDeath": "June 19, 1631",
  "placeOfBirth": [
    {
      "@id": "https://d-nb.info/gnd/4362624-5",
      "preferredName": "Helmershausen (Rho\u0308nblick)"
    }
  ],
  "placeOfDeath": [
    {
      "@id": "https://d-nb.info/gnd/4021652-4",
      "preferredName": "Gotha"
    }
  ],
  "placeOfActivity": [
    {
      "@id": "https://d-nb.info/gnd/4021652-4",
      "preferredName": "Gotha"
    }
  ],
  "associatedCountry": [
    {
      "@id": "https://d-nb.info/standards/vocab/gnd/geographic-area-code#XA-DE",
      "preferredName": "Deutschland"
    }
  ],
  "professionOrOccupation": [
    {
      "@id": "https://d-nb.info/gnd/4158589-6",
      "preferredName": "Gymnasiallehrer"
    },
    {
      "@id": "https://d-nb.info/gnd/4199252-0",
      "preferredName": "Rektor"
    }
  ],
  "gender": {
    "@id": "https://d-nb.info/standards/vocab/gnd/gender#male",
    "label": "Mann"
  },
  "biographicalOrHistoricalInformation": "Dt. Philologe und Pa\u0308dagoge; ab 1583 Student in Jena; ab 1592 Rektor des Gymnasiums Gotha",
  "affiliation": [
    {
      "@id": "https://d-nb.info/gnd/5122266-8",
      "preferredName": "Gymnasium Illustre zu Gotha"
    }
  ],
  "relatedPerson": [
    {
      "@id": "https://d-nb.info/gnd/103866051",
      "relationship": "VD-16 Mitverf.",
      "preferredName": "Philippus Avenarius"
    },
    {
      "@id": "https://d-nb.info/gnd/123736870",
      "relationship": "VD-16 Mitverf.",
      "preferredName": "Michael Julius"
    },
    {
      "@id": "https://d-nb.info/gnd/104276851",
      "relationship": "VD-16 Mitverf.",
      "preferredName": "David Meder"
    },
    {
      "@id": "https://d-nb.info/gnd/116450681",
      "relationship": "VD-16 Mitverf.",
      "preferredName": "Ambrosius Reuden"
    },
    {
      "@id": "https://d-nb.info/gnd/130089060",
      "relationship": "VD-16 Mitverf.",
      "preferredName": "Cyriacus Schneega\u00df"
    },
    {
      "@id": "https://d-nb.info/gnd/119776685",
      "relationship": "VD-16 Mitverf.",
      "preferredName": "Peter Ernst Ocker"
    },
    {
      "@id": "https://d-nb.info/gnd/119849062",
      "relationship": "VD-16 Mitverf.",
      "preferredName": "Georg Thrasybulus"
    },
    {
      "@id": "https://d-nb.info/gnd/128550961",
      "relationship": "VD-16 Mitverf.",
      "preferredName": "Valentin Weinrich"
    },
    {
      "@id": "https://d-nb.info/gnd/124983944",
      "relationship": "VD-16 Mitverf.",
      "preferredName": "Bartholomaeus Cothius"
    },
    {
      "@id": "https://d-nb.info/gnd/119522403",
      "relationship": "VD-16 Mitverf.",
      "preferredName": "Andreas Libavius"
    }
  ],
  "familialRelationship": [
    {
      "@id": "https://d-nb.info/gnd/129041653",
      "relationship": "Sohn",
      "preferredName": "Andreas Wilke"
    },
    {
      "@id": "https://d-nb.info/gnd/129110043",
      "relationship": "Sohn",
      "preferredName": "Johannes Wilke"
    },
    {
      "@id": "https://d-nb.info/gnd/128976179",
      "relationship": "Tochter",
      "preferredName": "Anna Wolf"
    }
  ],
  "sameAs": [
    {
      "@id": "https://d-nb.info/gnd/128565071/about",
      "collection": {
        "abbr": "DNB",
        "name": "Gemeinsame Normdatei (GND) im Katalog der Deutschen Nationalbibliothek",
        "publisher": "Deutsche Nationalbibliothek",
        "icon": "https://www.dnb.de/SiteGlobals/Frontend/DNBWeb/Images/favicon.png?__blob=normal&v=4"
      }
    },
    {
      "@id": "http://catalogue.bnf.fr/ark:/12148/cb14340106d",
      "collection": {
        "abbr": "BNF",
        "name": "Bibliothe\u0300que nationale de France",
        "publisher": "Bibliothe\u0300que nationale de France",
        "icon": "https://www.bnf.fr/themes/custom/bnfsi/favicon.ico"
      }
    },
    {
      "@id": "https://kalliope-verbund.info/gnd/128565071",
      "collection": {
        "abbr": "DE-611",
        "name": "Kalliope Verbundkatalog",
        "publisher": "Staatsbibliothek zu Berlin - Preu\u00dfischer Kulturbesitz",
        "icon": "https://kalliope-verbund.info/img/favicon.ico"
      }
    },
    {
      "@id": "https://raa.gf-franken.de/de/suche-nach-stammbuechern.html?permaLink=1567_wilcke",
      "collection": {
        "abbr": "RAAS",
        "name": "Repertorium Alborum Amicorum (RAA) - Stammb\u00fccher",
        "publisher": "Department Germanistik und Komparatistik der Friedrich-Alexander-Universit\u00e4t Erlangen-N\u00fcrnberg in Zusammenarbeit mit der Gesellschaft f\u00fcr Familienforschung in Franken",
        "icon": "https://www.gf-franken.de/favicon.ico"
      }
    },
    {
      "@id": "https://raa.gf-franken.de/de/suche-nach-stammbuechern.html?permaLink=1583_wilcke",
      "collection": {
        "abbr": "RAAS",
        "name": "Repertorium Alborum Amicorum (RAA) - Stammb\u00fccher",
        "publisher": "Department Germanistik und Komparatistik der Friedrich-Alexander-Universit\u00e4t Erlangen-N\u00fcrnberg in Zusammenarbeit mit der Gesellschaft f\u00fcr Familienforschung in Franken",
        "icon": "https://www.gf-franken.de/favicon.ico"
      }
    },
    {
      "@id": "https://www.deutsche-biographie.de/pnd128565071.html#adbcontent",
      "collection": {
        "abbr": "ADB",
        "name": "Allgemeine Deutsche Biographie (ADB)",
        "publisher": "Historische Kommission bei der Bayerischen Akademie der Wissenschaften und Bayerische Staatsbibliothek",
        "icon": "https://www.deutsche-biographie.de/favicon.ico"
      }
    },
    {
      "@id": "https://www.deutsche-digitale-bibliothek.de/person/gnd/128565071",
      "collection": {
        "abbr": "DDB",
        "name": "Deutsche Digitale Bibliothek",
        "publisher": "Deutsche Digitale Bibliothek",
        "icon": "https://www.deutsche-digitale-bibliothek.de/favicon.ico"
      }
    },
    {
      "@id": "https://www.portraitindex.de/dokumente/pnd/128565071",
      "collection": {
        "abbr": "Portraitindex",
        "name": "Digitaler Portraitindex der druckgraphischen Bildnisse der Fru\u0308hen Neuzeit",
        "publisher": "Deutsches Dokumentationszentrum fu\u0308r Kunstgeschichte - Bildarchiv Foto Marburg",
        "icon": "https://www.portraitindex.de/favicon.ico"
      }
    },
    {
      "@id": "http://viaf.org/viaf/40431980",
      "collection": {
        "abbr": "VIAF",
        "name": "Virtual International Authority File (VIAF)",
        "publisher": "OCLC",
        "icon": "https://viaf.org/viaf/images/viaf.ico"
      }
    },
    {
      "@id": "http://www.wikidata.org/entity/Q28792323",
      "collection": {
        "abbr": "WIKIDATA",
        "name": "Wikidata",
        "publisher": "Wikimedia Foundation Inc.",
        "icon": "https://www.wikidata.org/static/favicon/wikidata.ico"
      }
    },
    {
      "@id": "https://isni.org/isni/0000000061421512",
      "collection": {
        "abbr": "ISNI",
        "name": "International Standard Name Identifier (ISNI)",
        "publisher": "International Standard Name Identifier (ISNI)",
        "icon": "https://www.isni.org/sites/default/files/isni_new_favicon.ico"
      }
    }
  ]
}