{
  "@context": "http://hub.culturegraph.org/entityfacts/context/v1/entityfacts.jsonld",
  "@id": "https://d-nb.info/gnd/124937756",
  "describedBy": {
    "valid": "2026-05-01T01:52:20Z",
    "license": "https://creativecommons.org/publicdomain/zero/1.0/",
    "@id": "https://hub.culturegraph.org/entityfacts/124937756"
  },
  "preferredName": "Andreas Schato",
  "surname": "Schato",
  "forename": "Andreas",
  "@type": "person",
  "variantName": [
    "Andreas Schatonus",
    "Andreas von Schato",
    "Andreas Scato",
    "Andreas Schato von Schattenthal",
    "Andreas Schato von Schattenthal",
    "Andreas Schato a Schattenthal",
    "Andreas Schade",
    "Andreas Schcato",
    "Andreas Schatus",
    "Andreas Schadt",
    "Andreas Schato",
    "Andreas Schatonis",
    "Andreas Schaton"
  ],
  "dateOfBirth": "August 19, 1539",
  "dateOfDeath": "March 17, 1603",
  "placeOfBirth": [
    {
      "@id": "https://d-nb.info/gnd/4060446-9",
      "preferredName": "Torgau"
    }
  ],
  "placeOfDeath": [
    {
      "@id": "https://d-nb.info/gnd/4066640-2",
      "preferredName": "Wittenberg"
    }
  ],
  "placeOfActivity": [
    {
      "@id": "https://d-nb.info/gnd/4028557-1",
      "preferredName": "Jena"
    },
    {
      "@id": "https://d-nb.info/gnd/4066640-2",
      "preferredName": "Wittenberg"
    },
    {
      "@id": "https://d-nb.info/gnd/4105583-4",
      "preferredName": "Stargard in Pommern"
    },
    {
      "@id": "https://d-nb.info/gnd/4057392-8",
      "preferredName": "Stettin"
    }
  ],
  "associatedCountry": [
    {
      "@id": "https://d-nb.info/standards/vocab/gnd/geographic-area-code#XA-DE",
      "preferredName": "Deutschland"
    }
  ],
  "professionOrOccupation": [
    {
      "@id": "https://d-nb.info/gnd/4037945-0",
      "preferredName": "Mathematiker"
    },
    {
      "@id": "https://d-nb.info/gnd/4045968-8",
      "preferredName": "Physiker"
    },
    {
      "@id": "https://d-nb.info/gnd/4003157-3",
      "preferredName": "Arzt"
    },
    {
      "@id": "https://d-nb.info/gnd/4025243-7",
      "preferredName": "Hochschullehrer"
    },
    {
      "@id": "https://d-nb.info/gnd/4199252-0",
      "preferredName": "Rektor"
    }
  ],
  "gender": {
    "@id": "https://d-nb.info/standards/vocab/gnd/gender#male",
    "label": "Mann"
  },
  "biographicalOrHistoricalInformation": "Dt. Mathematiker, Physiker und Mediziner; Studium in Jena (1555 imm.) und Wittenberg (1559 imm.), 1562 Magister dort, 1563 Mitglied der phil. Fak.; 1564 Lehrer in Stargard, danach Konrektor in Stettin; 1570 Ru\u0308ckkehr nach Wittenberg als Privatdozent, 1574 Prof. fu\u0308r Mathematik, 1578 Promotion zum Dr. med., ab 1581 Prof. fu\u0308r Physik u. 1588 auch Aufsicht u\u0308ber die Bibliothek, seit 1592 Prof. fu\u0308r Medizin, mehrfach Dekan der phil. Fak. u. Rektor der Wittenberger Universita\u0308t; soll von Kaiser Rudolf II. mit dem Zusatz \"von Schattenthal\" geadelt wurden sein",
  "affiliation": [
    {
      "@id": "https://d-nb.info/gnd/18994-7",
      "preferredName": "Universita\u0308t Wittenberg"
    }
  ],
  "relatedPerson": [
    {
      "@id": "https://d-nb.info/gnd/100006353",
      "relationship": "VD-16 Mitverf.",
      "preferredName": "Salomon Alberti"
    },
    {
      "@id": "https://d-nb.info/gnd/116883391",
      "relationship": "VD-16 Mitverf.",
      "preferredName": "Friedrich Balduin"
    },
    {
      "@id": "https://d-nb.info/gnd/119679914",
      "relationship": "VD-16 Mitverf.",
      "preferredName": "Jakob Furmann"
    },
    {
      "relationship": "VD-16 Mitverf.",
      "preferredName": "Aegidius Hunnius"
    },
    {
      "relationship": "VD-16 Mitverf.",
      "preferredName": "Polykarp Leyser"
    },
    {
      "relationship": "Ko\u0308nigsberg; VD-16 Mitverf.",
      "preferredName": "Johannes Mu\u0308ller"
    },
    {
      "relationship": "Annaberg; VD-16 Mitverf.",
      "preferredName": "Georg Mylius"
    },
    {
      "@id": "https://d-nb.info/gnd/119782545",
      "relationship": "VD-16 Mitverf.",
      "preferredName": "Paulus, von Alexandria"
    },
    {
      "@id": "https://d-nb.info/gnd/119812657",
      "relationship": "VD-16 Mitverf.",
      "preferredName": "Martin Ruttert"
    },
    {
      "@id": "https://d-nb.info/gnd/11984253X",
      "relationship": "VD-16 Mitverf.",
      "preferredName": "Kaspar Strub"
    }
  ],
  "familialRelationship": [
    {
      "@id": "https://d-nb.info/gnd/123727251",
      "relationship": "Tochter",
      "preferredName": "Margarethe Sennert"
    }
  ],
  "depiction": {
    "@id": "https://commons.wikimedia.org/wiki/Special:FilePath/Andreas-Schato.jpg",
    "publisher": "Wikimedia Commons",
    "copyrighted": "false",
    "creator": [
      "Unidentified painter"
    ],
    "creditText": [
      "Lutherhalle Wittenberg"
    ],
    "license": [
      {
        "@id": "https://creativecommons.org/publicdomain/mark/1.0/",
        "abbr": "PD",
        "name": "Public Domain",
        "attributionRequired": "false",
        "restrictions": ""
      }
    ],
    "url": "https://commons.wikimedia.org/wiki/File:Andreas-Schato.jpg?uselang=en",
    "thumbnail": {
      "@id": "https://commons.wikimedia.org/wiki/Special:FilePath/Andreas-Schato.jpg?width=270"
    }
  },
  "sameAs": [
    {
      "@id": "https://d-nb.info/gnd/124937756/about",
      "collection": {
        "abbr": "DNB",
        "name": "Gemeinsame Normdatei (GND) im Katalog der Deutschen Nationalbibliothek",
        "publisher": "Deutsche Nationalbibliothek",
        "icon": "https://www.dnb.de/SiteGlobals/Frontend/DNBWeb/Images/favicon.png?__blob=normal&v=4"
      }
    },
    {
      "@id": "https://de.wikipedia.org/wiki/Andreas_Schato",
      "collection": {
        "abbr": "dewiki",
        "name": "Wikipedia (Deutsch)",
        "publisher": "Wikimedia Foundation Inc.",
        "icon": "https://de.wikipedia.org/static/favicon/wikipedia.ico"
      }
    },
    {
      "@id": "https://en.wikipedia.org/wiki/Andreas_Schato",
      "collection": {
        "abbr": "enwiki",
        "name": "Wikipedia (English)",
        "publisher": "Wikimedia Foundation Inc.",
        "icon": "https://en.wikipedia.org/static/favicon/wikipedia.ico"
      }
    },
    {
      "@id": "https://kalliope-verbund.info/gnd/124937756",
      "collection": {
        "abbr": "DE-611",
        "name": "Kalliope Verbundkatalog",
        "publisher": "Staatsbibliothek zu Berlin - Preu\u00dfischer Kulturbesitz",
        "icon": "https://kalliope-verbund.info/img/favicon.ico"
      }
    },
    {
      "@id": "https://raa.gf-franken.de/de/suche-nach-stammbucheintraegen.html?permaLink=1575_henrici;2",
      "collection": {
        "abbr": "RAAE",
        "name": "Repertorium Alborum Amicorum (RAA) - Stammbucheintr\u00e4ge",
        "publisher": "Department Germanistik und Komparatistik der Friedrich-Alexander-Universit\u00e4t Erlangen-N\u00fcrnberg in Zusammenarbeit mit der Gesellschaft f\u00fcr Familienforschung in Franken",
        "icon": "https://www.gf-franken.de/favicon.ico"
      }
    },
    {
      "@id": "https://raa.gf-franken.de/de/suche-nach-stammbucheintraegen.html?permaLink=1590_naborowski;21",
      "collection": {
        "abbr": "RAAE",
        "name": "Repertorium Alborum Amicorum (RAA) - Stammbucheintr\u00e4ge",
        "publisher": "Department Germanistik und Komparatistik der Friedrich-Alexander-Universit\u00e4t Erlangen-N\u00fcrnberg in Zusammenarbeit mit der Gesellschaft f\u00fcr Familienforschung in Franken",
        "icon": "https://www.gf-franken.de/favicon.ico"
      }
    },
    {
      "@id": "https://www.deutsche-digitale-bibliothek.de/person/gnd/124937756",
      "collection": {
        "abbr": "DDB",
        "name": "Deutsche Digitale Bibliothek",
        "publisher": "Deutsche Digitale Bibliothek",
        "icon": "https://www.deutsche-digitale-bibliothek.de/favicon.ico"
      }
    },
    {
      "@id": "https://www.portraitindex.de/dokumente/pnd/124937756",
      "collection": {
        "abbr": "Portraitindex",
        "name": "Digitaler Portraitindex der druckgraphischen Bildnisse der Fru\u0308hen Neuzeit",
        "publisher": "Deutsches Dokumentationszentrum fu\u0308r Kunstgeschichte - Bildarchiv Foto Marburg",
        "icon": "https://www.portraitindex.de/favicon.ico"
      }
    },
    {
      "@id": "http://viaf.org/viaf/62495123",
      "collection": {
        "abbr": "VIAF",
        "name": "Virtual International Authority File (VIAF)",
        "publisher": "OCLC",
        "icon": "https://viaf.org/viaf/images/viaf.ico"
      }
    },
    {
      "@id": "http://www.wikidata.org/entity/Q500352",
      "collection": {
        "abbr": "WIKIDATA",
        "name": "Wikidata",
        "publisher": "Wikimedia Foundation Inc.",
        "icon": "https://www.wikidata.org/static/favicon/wikidata.ico"
      }
    },
    {
      "@id": "https://isni.org/isni/0000000014589857",
      "collection": {
        "abbr": "ISNI",
        "name": "International Standard Name Identifier (ISNI)",
        "publisher": "International Standard Name Identifier (ISNI)",
        "icon": "https://www.isni.org/sites/default/files/isni_new_favicon.ico"
      }
    }
  ]
}