{
  "@context": "http://hub.culturegraph.org/entityfacts/context/v1/entityfacts.jsonld",
  "@id": "https://d-nb.info/gnd/124894062",
  "describedBy": {
    "valid": "2026-04-28T20:29:42Z",
    "license": "https://creativecommons.org/publicdomain/zero/1.0/",
    "@id": "https://hub.culturegraph.org/entityfacts/124894062"
  },
  "preferredName": "Matthias Berg",
  "surname": "Berg",
  "forename": "Matthias",
  "@type": "person",
  "academicDegree": [
    "Prof."
  ],
  "variantName": [
    "Matthias Bergivs",
    "Matthias Bergius"
  ],
  "dateOfBirth": "December 25, 1536",
  "dateOfDeath": "August 22, 1592",
  "placeOfBirth": [
    {
      "@id": "https://d-nb.info/gnd/4008065-1",
      "preferredName": "Braunschweig"
    }
  ],
  "placeOfDeath": [
    {
      "@id": "https://d-nb.info/gnd/4001388-1",
      "preferredName": "Altdorf b. Nu\u0308rnberg"
    }
  ],
  "associatedCountry": [
    {
      "@id": "https://d-nb.info/standards/vocab/gnd/geographic-area-code#XA-DE",
      "preferredName": "Deutschland"
    }
  ],
  "professionOrOccupation": [
    {
      "@id": "https://d-nb.info/gnd/4199236-2",
      "preferredName": "Philologe"
    },
    {
      "@id": "https://d-nb.info/gnd/4053309-8",
      "preferredName": "Schriftsteller"
    },
    {
      "@id": "https://d-nb.info/gnd/4160777-6",
      "preferredName": "Humanist"
    },
    {
      "@id": "https://d-nb.info/gnd/7842528-1",
      "preferredName": "Ethiker"
    }
  ],
  "biographicalOrHistoricalInformation": "Deutscher Philologe, Schriftsteller und Humanist; Hochschullehrer; Studium in Wittenberg, 1558-1563 Konrektor zu Halberstadt, Rektor in Wernigerode, 1566-1582 Rektor der Katharinenschule in Braunschweig, 1582 entlassen, danach Professor an der Universita\u0308t Altdorf",
  "relatedPerson": [
    {
      "@id": "https://d-nb.info/gnd/118594605",
      "relationship": "VD-16 Mitverf.",
      "preferredName": "Willibald Pirckheimer"
    },
    {
      "@id": "https://d-nb.info/gnd/118676946",
      "relationship": "VD-16 Mitverf.",
      "preferredName": "Gilles Corrozet"
    },
    {
      "@id": "https://d-nb.info/gnd/119009137",
      "relationship": "VD-16 Mitverf.",
      "preferredName": "David Chytra\u0308us"
    },
    {
      "@id": "https://d-nb.info/gnd/104288639",
      "relationship": "VD-16 Mitverf.",
      "preferredName": "Konrad Rittershausen"
    },
    {
      "relationship": "VD-16 Mitverf.",
      "preferredName": "Lodovico Pontico"
    },
    {
      "@id": "https://d-nb.info/gnd/12169934X",
      "relationship": "VD-16 Mitverf.",
      "preferredName": "Gilbert Cousin"
    },
    {
      "relationship": "Schweinfurt; VD-16 Mitverf.",
      "preferredName": "Johannes Sinapius"
    },
    {
      "relationship": "VD-16 Mitverf.",
      "preferredName": "Nikodemus Frischlin"
    },
    {
      "@id": "https://d-nb.info/gnd/119646412",
      "relationship": "VD-16 Mitverf.",
      "preferredName": "Jodocus Cortumme"
    }
  ],
  "sameAs": [
    {
      "@id": "https://d-nb.info/gnd/124894062/about",
      "collection": {
        "abbr": "DNB",
        "name": "Gemeinsame Normdatei (GND) im Katalog der Deutschen Nationalbibliothek",
        "publisher": "Deutsche Nationalbibliothek",
        "icon": "https://www.dnb.de/SiteGlobals/Frontend/DNBWeb/Images/favicon.png?__blob=normal&v=4"
      }
    },
    {
      "@id": "http://catalogue.bnf.fr/ark:/12148/cb16544494x",
      "collection": {
        "abbr": "BNF",
        "name": "Bibliothe\u0300que nationale de France",
        "publisher": "Bibliothe\u0300que nationale de France",
        "icon": "https://www.bnf.fr/themes/custom/bnfsi/favicon.ico"
      }
    },
    {
      "@id": "https://aaa.gf-franken.de/de/recherche.html?permaLink=K2050",
      "collection": {
        "abbr": "AAA",
        "name": "Album Academicum Altorphinum (AAA)",
        "publisher": "Department Germanistik und Komparatistik der Friedrich-Alexander-Universit\u00e4t Erlangen-N\u00fcrnberg in Zusammenarbeit mit der Gesellschaft f\u00fcr Familienforschung in Franken",
        "icon": "https://www.gf-franken.de/favicon.ico"
      }
    },
    {
      "@id": "https://kalliope-verbund.info/gnd/124894062",
      "collection": {
        "abbr": "DE-611",
        "name": "Kalliope Verbundkatalog",
        "publisher": "Staatsbibliothek zu Berlin - Preu\u00dfischer Kulturbesitz",
        "icon": "https://kalliope-verbund.info/img/favicon.ico"
      }
    },
    {
      "@id": "https://www.deutsche-digitale-bibliothek.de/person/gnd/124894062",
      "collection": {
        "abbr": "DDB",
        "name": "Deutsche Digitale Bibliothek",
        "publisher": "Deutsche Digitale Bibliothek",
        "icon": "https://www.deutsche-digitale-bibliothek.de/favicon.ico"
      }
    },
    {
      "@id": "https://www.portraitindex.de/dokumente/pnd/124894062",
      "collection": {
        "abbr": "Portraitindex",
        "name": "Digitaler Portraitindex der druckgraphischen Bildnisse der Fru\u0308hen Neuzeit",
        "publisher": "Deutsches Dokumentationszentrum fu\u0308r Kunstgeschichte - Bildarchiv Foto Marburg",
        "icon": "https://www.portraitindex.de/favicon.ico"
      }
    },
    {
      "@id": "http://id.loc.gov/rwo/agents/no2008086750",
      "collection": {
        "abbr": "LC",
        "name": "NACO Authority File",
        "publisher": "Library of Congress",
        "icon": "https://www.loc.gov/favicon.ico"
      }
    },
    {
      "@id": "http://viaf.org/viaf/9658265",
      "collection": {
        "abbr": "VIAF",
        "name": "Virtual International Authority File (VIAF)",
        "publisher": "OCLC",
        "icon": "https://viaf.org/viaf/images/viaf.ico"
      }
    },
    {
      "@id": "http://www.wikidata.org/entity/Q21545100",
      "collection": {
        "abbr": "WIKIDATA",
        "name": "Wikidata",
        "publisher": "Wikimedia Foundation Inc.",
        "icon": "https://www.wikidata.org/static/favicon/wikidata.ico"
      }
    },
    {
      "@id": "https://isni.org/isni/0000000109533768",
      "collection": {
        "abbr": "ISNI",
        "name": "International Standard Name Identifier (ISNI)",
        "publisher": "International Standard Name Identifier (ISNI)",
        "icon": "https://www.isni.org/sites/default/files/isni_new_favicon.ico"
      }
    }
  ]
}