{
  "@context": "http://hub.culturegraph.org/entityfacts/context/v1/entityfacts.jsonld",
  "@id": "https://d-nb.info/gnd/124699170",
  "describedBy": {
    "valid": "2026-04-29T14:31:11Z",
    "license": "https://creativecommons.org/publicdomain/zero/1.0/",
    "@id": "https://hub.culturegraph.org/entityfacts/124699170"
  },
  "preferredName": "Volkmar Happe",
  "surname": "Happe",
  "forename": "Volkmar",
  "@type": "person",
  "variantName": [
    "Volckmar Happe",
    "Volkmarus Happius",
    "Volckmarus Happius",
    "Volcmarus Happius",
    "Volckmar Happ",
    "Volkmar Happ",
    "Volckmar Happs",
    "Volkmar Happs",
    "Volckmar Happen von Greussen",
    "Volckmar Happen von Greussen",
    "Volckmar Happen von Greusse",
    "Volckmar Happen von Greuss",
    "Volckmar Happe von Greussen",
    "Volckmar Happ von Greussen",
    "Volkmar Happen von Greussen",
    "Volkmar Happen von Greussen",
    "Volkmar Happen von Greusse",
    "Volkmar Happen von Greuss",
    "Volkmar Happe von Greussen",
    "Volkmar Happ von Greussen",
    "Volkmar Happen von Greu\u00dfen",
    "Volkmar Happen von Greu\u00dfen",
    "Volkmar Happen von Greu\u0308\u00dfen",
    "Volkmar Happen von Greu\u0308\u00dfen"
  ],
  "pseudonym": [
    {
      "preferredName": "Der Abtrocknende"
    },
    {
      "preferredName": "Der Abtrokknende"
    },
    {
      "preferredName": "Der Abtrocknende"
    },
    {
      "preferredName": "Der Abtrokknende"
    }
  ],
  "dateOfBirth": "October 19, 1628",
  "dateOfDeath": "December 9, 1694",
  "placeOfBirth": [
    {
      "@id": "https://d-nb.info/gnd/4402670-5",
      "preferredName": "Ebeleben"
    }
  ],
  "placeOfActivity": [
    {
      "@id": "https://d-nb.info/gnd/4391494-9",
      "preferredName": "Greu\u00dfen"
    },
    {
      "@id": "https://d-nb.info/gnd/4065105-8",
      "preferredName": "Weimar"
    }
  ],
  "associatedCountry": [
    {
      "@id": "https://d-nb.info/standards/vocab/gnd/geographic-area-code#XA-DE",
      "preferredName": "Deutschland"
    }
  ],
  "professionOrOccupation": [
    {
      "@id": "https://d-nb.info/gnd/4029050-5",
      "preferredName": "Jurist"
    },
    {
      "@id": "https://d-nb.info/gnd/4046517-2",
      "preferredName": "Politiker"
    },
    {
      "@id": "https://d-nb.info/gnd/4123488-1",
      "preferredName": "Kanzler"
    },
    {
      "@id": "https://d-nb.info/gnd/4215617-8",
      "preferredName": "Kirchenlieddichter"
    },
    {
      "@id": "https://d-nb.info/gnd/4160418-0",
      "preferredName": "Hofpfalzgraf"
    }
  ],
  "gender": {
    "@id": "https://d-nb.info/standards/vocab/gnd/gender#male",
    "label": "Mann"
  },
  "biographicalOrHistoricalInformation": "Jurist und Staatsmann; Sa\u0308chsisch-Weimarischer Geheimrat; Vizekanzler, Kanzler und Oberkonsistorialpra\u0308sident in Weimar; Mitglied der Fruchtbringenden Gesellschaft (Der Abtrocknende)",
  "affiliation": [
    {
      "@id": "https://d-nb.info/gnd/2011193-9",
      "preferredName": "Fruchtbringende Gesellschaft"
    }
  ],
  "familialRelationship": [
    {
      "@id": "https://d-nb.info/gnd/129484261",
      "relationship": "Tochter",
      "preferredName": "Erdmuth Juliana Wildvogel"
    }
  ],
  "sameAs": [
    {
      "@id": "https://d-nb.info/gnd/124699170/about",
      "collection": {
        "abbr": "DNB",
        "name": "Gemeinsame Normdatei (GND) im Katalog der Deutschen Nationalbibliothek",
        "publisher": "Deutsche Nationalbibliothek",
        "icon": "https://www.dnb.de/SiteGlobals/Frontend/DNBWeb/Images/favicon.png?__blob=normal&v=4"
      }
    },
    {
      "@id": "https://kalliope-verbund.info/gnd/124699170",
      "collection": {
        "abbr": "DE-611",
        "name": "Kalliope Verbundkatalog",
        "publisher": "Staatsbibliothek zu Berlin - Preu\u00dfischer Kulturbesitz",
        "icon": "https://kalliope-verbund.info/img/favicon.ico"
      }
    },
    {
      "@id": "https://raa.gf-franken.de/de/suche-nach-stammbucheintraegen.html?permaLink=1652_benz;105",
      "collection": {
        "abbr": "RAAE",
        "name": "Repertorium Alborum Amicorum (RAA) - Stammbucheintr\u00e4ge",
        "publisher": "Department Germanistik und Komparatistik der Friedrich-Alexander-Universit\u00e4t Erlangen-N\u00fcrnberg in Zusammenarbeit mit der Gesellschaft f\u00fcr Familienforschung in Franken",
        "icon": "https://www.gf-franken.de/favicon.ico"
      }
    },
    {
      "@id": "https://www.deutsche-digitale-bibliothek.de/person/gnd/124699170",
      "collection": {
        "abbr": "DDB",
        "name": "Deutsche Digitale Bibliothek",
        "publisher": "Deutsche Digitale Bibliothek",
        "icon": "https://www.deutsche-digitale-bibliothek.de/favicon.ico"
      }
    },
    {
      "@id": "http://viaf.org/viaf/247922200",
      "collection": {
        "abbr": "VIAF",
        "name": "Virtual International Authority File (VIAF)",
        "publisher": "OCLC",
        "icon": "https://viaf.org/viaf/images/viaf.ico"
      }
    },
    {
      "@id": "http://www.wikidata.org/entity/Q112431035",
      "collection": {
        "abbr": "WIKIDATA",
        "name": "Wikidata",
        "publisher": "Wikimedia Foundation Inc.",
        "icon": "https://www.wikidata.org/static/favicon/wikidata.ico"
      }
    }
  ]
}