{
  "@context": "http://hub.culturegraph.org/entityfacts/context/v1/entityfacts.jsonld",
  "@id": "https://d-nb.info/gnd/124690416",
  "describedBy": {
    "valid": "2026-04-29T03:42:06Z",
    "license": "https://creativecommons.org/publicdomain/zero/1.0/",
    "@id": "https://hub.culturegraph.org/entityfacts/124690416"
  },
  "preferredName": "Georg Rumbaum",
  "surname": "Rumbaum",
  "forename": "Georg",
  "@type": "person",
  "academicDegree": [
    "Dr. med."
  ],
  "variantName": [
    "Georgius Rumbaum",
    "Georgius Rumbaumius",
    "Georg Rombaum"
  ],
  "dateOfBirth": "August 13, 1567",
  "dateOfDeath": "October 4, 1615",
  "placeOfBirth": [
    {
      "@id": "https://d-nb.info/gnd/4008216-7",
      "preferredName": "Breslau"
    }
  ],
  "placeOfActivity": [
    {
      "@id": "https://d-nb.info/gnd/4008216-7",
      "preferredName": "Breslau"
    },
    {
      "@id": "https://d-nb.info/gnd/123180-7",
      "preferredName": "Oels"
    }
  ],
  "associatedCountry": [
    {
      "@id": "https://d-nb.info/standards/vocab/gnd/geographic-area-code#XA-DE",
      "preferredName": "Deutschland"
    }
  ],
  "professionOrOccupation": [
    {
      "@id": "https://d-nb.info/gnd/4003157-3",
      "preferredName": "Arzt"
    },
    {
      "@id": "https://d-nb.info/gnd/4268052-9",
      "preferredName": "Leibarzt"
    }
  ],
  "biographicalOrHistoricalInformation": "Deutscher Mediziner; Student in Helmstedt, Leipzig (1591), Padua (1593), Bologna (1594) und Basel (1595 Dr. med.); praktischer Arzt in Breslau; Leibarzt der Fu\u0308rsten von Oels",
  "relatedPerson": [
    {
      "relationship": "VD-16 Mitverf.",
      "preferredName": "Duncan Liddel"
    },
    {
      "relationship": "VD-16 Mitverf.",
      "preferredName": "Anton Matthaeus"
    },
    {
      "@id": "https://d-nb.info/gnd/116045825",
      "relationship": "VD-16 Mitverf.",
      "preferredName": "Franciscus Parcovius"
    },
    {
      "@id": "https://d-nb.info/gnd/119857537",
      "relationship": "VD-16 Mitverf.",
      "preferredName": "Jeremias Venetus"
    },
    {
      "@id": "https://d-nb.info/gnd/119711907",
      "relationship": "VD-16 Mitverf.",
      "preferredName": "Stephan Hofer"
    },
    {
      "@id": "https://d-nb.info/gnd/119647729",
      "relationship": "VD-16 Mitverf.",
      "preferredName": "Abraham Co\u0308rber"
    },
    {
      "relationship": "VD-16 Mitverf.",
      "preferredName": "Elias Reinwaldt"
    },
    {
      "@id": "https://d-nb.info/gnd/119806916",
      "relationship": "VD-16 Mitverf.",
      "preferredName": "Daniel Rixinger"
    },
    {
      "relationship": "VD-16 Mitverf.",
      "preferredName": "Johannes Stigel"
    },
    {
      "@id": "https://d-nb.info/gnd/119684470",
      "relationship": "VD-16 Mitverf.",
      "preferredName": "Georg Gerhardus"
    }
  ],
  "familialRelationship": [
    {
      "@id": "https://d-nb.info/gnd/124690424",
      "relationship": "Ehefrau",
      "preferredName": "Maria Haunold"
    },
    {
      "@id": "https://d-nb.info/gnd/13154943X",
      "relationship": "Sohn",
      "preferredName": "Caspar Rumbaum"
    }
  ],
  "sameAs": [
    {
      "@id": "https://d-nb.info/gnd/124690416/about",
      "collection": {
        "abbr": "DNB",
        "name": "Gemeinsame Normdatei (GND) im Katalog der Deutschen Nationalbibliothek",
        "publisher": "Deutsche Nationalbibliothek",
        "icon": "https://www.dnb.de/SiteGlobals/Frontend/DNBWeb/Images/favicon.png?__blob=normal&v=4"
      }
    },
    {
      "@id": "https://kalliope-verbund.info/gnd/124690416",
      "collection": {
        "abbr": "DE-611",
        "name": "Kalliope Verbundkatalog",
        "publisher": "Staatsbibliothek zu Berlin - Preu\u00dfischer Kulturbesitz",
        "icon": "https://kalliope-verbund.info/img/favicon.ico"
      }
    },
    {
      "@id": "https://raa.gf-franken.de/de/suche-nach-stammbucheintraegen.html?permaLink=1612_lucae;19",
      "collection": {
        "abbr": "RAAE",
        "name": "Repertorium Alborum Amicorum (RAA) - Stammbucheintr\u00e4ge",
        "publisher": "Department Germanistik und Komparatistik der Friedrich-Alexander-Universit\u00e4t Erlangen-N\u00fcrnberg in Zusammenarbeit mit der Gesellschaft f\u00fcr Familienforschung in Franken",
        "icon": "https://www.gf-franken.de/favicon.ico"
      }
    },
    {
      "@id": "https://www.deutsche-digitale-bibliothek.de/person/gnd/124690416",
      "collection": {
        "abbr": "DDB",
        "name": "Deutsche Digitale Bibliothek",
        "publisher": "Deutsche Digitale Bibliothek",
        "icon": "https://www.deutsche-digitale-bibliothek.de/favicon.ico"
      }
    },
    {
      "@id": "http://viaf.org/viaf/69868005",
      "collection": {
        "abbr": "VIAF",
        "name": "Virtual International Authority File (VIAF)",
        "publisher": "OCLC",
        "icon": "https://viaf.org/viaf/images/viaf.ico"
      }
    },
    {
      "@id": "http://www.wikidata.org/entity/Q139151352",
      "collection": {
        "abbr": "WIKIDATA",
        "name": "Wikidata",
        "publisher": "Wikimedia Foundation Inc.",
        "icon": "https://www.wikidata.org/static/favicon/wikidata.ico"
      }
    },
    {
      "@id": "https://isni.org/isni/000000001485442X",
      "collection": {
        "abbr": "ISNI",
        "name": "International Standard Name Identifier (ISNI)",
        "publisher": "International Standard Name Identifier (ISNI)",
        "icon": "https://www.isni.org/sites/default/files/isni_new_favicon.ico"
      }
    }
  ]
}