{
  "@context": "http://hub.culturegraph.org/entityfacts/context/v1/entityfacts.jsonld",
  "@id": "https://d-nb.info/gnd/124686214",
  "describedBy": {
    "valid": "2026-04-26T17:41:56Z",
    "license": "https://creativecommons.org/publicdomain/zero/1.0/",
    "@id": "https://hub.culturegraph.org/entityfacts/124686214"
  },
  "preferredName": "Georg Weinrich",
  "surname": "Weinrich",
  "forename": "Georg",
  "@type": "person",
  "academicDegree": [
    "Dr. theol."
  ],
  "variantName": [
    "George Weinrich",
    "Georgius Weinrich",
    "Georgius Weinreich",
    "Georgius Weinrichius",
    "Georg Weinreich"
  ],
  "dateOfBirth": "April 23, 1554",
  "dateOfDeath": "January 27, 1617",
  "placeOfBirth": [
    {
      "@id": "https://d-nb.info/gnd/4025049-0",
      "preferredName": "Hirschberg im Riesengebirge"
    }
  ],
  "placeOfDeath": [
    {
      "@id": "https://d-nb.info/gnd/4035206-7",
      "preferredName": "Leipzig"
    }
  ],
  "associatedCountry": [
    {
      "@id": "https://d-nb.info/standards/vocab/gnd/geographic-area-code#XA-DE",
      "preferredName": "Deutschland"
    }
  ],
  "professionOrOccupation": [
    {
      "@id": "https://d-nb.info/gnd/4015882-2",
      "preferredName": "Evangelischer Theologe"
    },
    {
      "@id": "https://d-nb.info/gnd/4132592-8",
      "preferredName": "Pfarrer"
    },
    {
      "@id": "https://d-nb.info/gnd/4184110-4",
      "preferredName": "Superintendent"
    },
    {
      "@id": "https://d-nb.info/gnd/4025243-7",
      "preferredName": "Hochschullehrer"
    },
    {
      "@id": "https://d-nb.info/gnd/4158589-6",
      "preferredName": "Gymnasiallehrer"
    }
  ],
  "gender": {
    "@id": "https://d-nb.info/standards/vocab/gnd/gender#male",
    "label": "Mann"
  },
  "biographicalOrHistoricalInformation": "Evangelisch-lutherischer Theologe; 1572 Schu\u0308ler am Maria-Magdalena-Gymnasium Breslau; 1575 Hauslehrer der So\u0308hne des Fu\u0308rsten Georg von Kupferberg; Studium in Leipzig (1579 imm.) und Prag (1581), 1583 Magister in Leipzig, 1597 Lic. theol., 1599 Dr. theol.; 1584 Lehrer an der Fu\u0308rstenschule in Grimma; 1584 Diakon in Langensalza; 1586 Subdiakon, 1589 Diakon und 1592 Pfarrer St. Thomas in Leipzig; 1594 Pfarrer an St. Nikolai und Superintendent in Leipzig sowie Konsistorialassessor; 1599-1617 Prof. theol. an der Univ. Leipzig, 1600 Univ.-Rektor und mehrfach Dekan der Theol. Fakulta\u0308t, 1605 Prokanzler; Domherr in Zeitz (1594-1604) und Mei\u00dfen (1604); 20.4.1585 Heirat mit Cecilia Peiligk, Tochter von Wolffgang Peiligk",
  "relatedPerson": [
    {
      "relationship": "Coburg; VD-16 Mitverf.",
      "preferredName": "Johannes Albinus"
    },
    {
      "relationship": "VD-16 Mitverf.",
      "preferredName": "Matthias Grosius"
    },
    {
      "relationship": "VD-16 Mitverf.",
      "preferredName": "Burkhard Harbart"
    },
    {
      "@id": "https://d-nb.info/gnd/124737293",
      "relationship": "VD-16 Mitverf.",
      "preferredName": "Abraham Lange"
    },
    {
      "relationship": "Nischwitz; VD-16 Mitverf.",
      "preferredName": "Martin Reinhart"
    },
    {
      "relationship": "VD-16 Mitverf.",
      "preferredName": "Nikolaus Selneccer"
    },
    {
      "@id": "https://d-nb.info/gnd/11984706X",
      "relationship": "VD-16 Mitverf.",
      "preferredName": "Martin Thabor, der A\u0308ltere"
    },
    {
      "@id": "https://d-nb.info/gnd/119847078",
      "relationship": "VD-16 Mitverf.",
      "preferredName": "Martin Thabor, der Ju\u0308ngere"
    },
    {
      "@id": "https://d-nb.info/gnd/121245780",
      "relationship": "VD-16 Mitverf.",
      "preferredName": "Abraham Caul"
    },
    {
      "@id": "https://d-nb.info/gnd/120207656",
      "relationship": "VD-16 Mitverf.",
      "preferredName": "Andreas Martersteck"
    }
  ],
  "familialRelationship": [
    {
      "@id": "https://d-nb.info/gnd/131578286",
      "relationship": "Bruder",
      "preferredName": "Martin Weinrich"
    },
    {
      "@id": "https://d-nb.info/gnd/14010223X",
      "relationship": "Bruder",
      "preferredName": "Thomas Weinrich"
    },
    {
      "@id": "https://d-nb.info/gnd/124824412",
      "relationship": "Bruder",
      "preferredName": "Johann Weinrich"
    },
    {
      "@id": "https://d-nb.info/gnd/128725141",
      "relationship": "Bruder",
      "preferredName": "Melchior Weinrich"
    },
    {
      "relationship": "Ehefrau",
      "preferredName": "Cecilia Weinrich"
    },
    {
      "@id": "https://d-nb.info/gnd/128688696",
      "relationship": "Tochter",
      "preferredName": "Barbara Krappe"
    },
    {
      "@id": "https://d-nb.info/gnd/140194479",
      "relationship": "Tochter",
      "preferredName": "Sabina von Bu\u0308hren"
    },
    {
      "@id": "https://d-nb.info/gnd/1080396098",
      "relationship": "Tochter",
      "preferredName": "Caritas Weinrich"
    },
    {
      "relationship": "Tochter",
      "preferredName": "Elisabeth Weinrich"
    },
    {
      "relationship": "Sohn",
      "preferredName": "Georg Weinrich"
    },
    {
      "@id": "https://d-nb.info/gnd/1019111682",
      "relationship": "Sohn",
      "preferredName": "Gottfried Weinrich"
    },
    {
      "@id": "https://d-nb.info/gnd/1080395342",
      "relationship": "Sohn",
      "preferredName": "Christian Weinrich"
    }
  ],
  "depiction": {
    "@id": "https://commons.wikimedia.org/wiki/Special:FilePath/Georg-Weinrich.jpg",
    "publisher": "Wikimedia Commons",
    "copyrighted": "false",
    "creator": [
      "Conrad Grale"
    ],
    "creditText": [
      "Staatliche Kunstsammlungen Dresden, Kupferstich-Kabinett"
    ],
    "license": [
      {
        "@id": "https://creativecommons.org/publicdomain/mark/1.0/",
        "abbr": "PD",
        "name": "Public Domain",
        "attributionRequired": "false",
        "restrictions": ""
      }
    ],
    "url": "https://commons.wikimedia.org/wiki/File:Georg-Weinrich.jpg?uselang=en",
    "thumbnail": {
      "@id": "https://commons.wikimedia.org/wiki/Special:FilePath/Georg-Weinrich.jpg?width=270"
    }
  },
  "sameAs": [
    {
      "@id": "https://d-nb.info/gnd/124686214/about",
      "collection": {
        "abbr": "DNB",
        "name": "Gemeinsame Normdatei (GND) im Katalog der Deutschen Nationalbibliothek",
        "publisher": "Deutsche Nationalbibliothek",
        "icon": "https://www.dnb.de/SiteGlobals/Frontend/DNBWeb/Images/favicon.png?__blob=normal&v=4"
      }
    },
    {
      "@id": "https://de.wikipedia.org/wiki/Georg_Weinrich_%28Theologe%29",
      "collection": {
        "abbr": "dewiki",
        "name": "Wikipedia (Deutsch)",
        "publisher": "Wikimedia Foundation Inc.",
        "icon": "https://de.wikipedia.org/static/favicon/wikipedia.ico"
      }
    },
    {
      "@id": "https://kalliope-verbund.info/gnd/124686214",
      "collection": {
        "abbr": "DE-611",
        "name": "Kalliope Verbundkatalog",
        "publisher": "Staatsbibliothek zu Berlin - Preu\u00dfischer Kulturbesitz",
        "icon": "https://kalliope-verbund.info/img/favicon.ico"
      }
    },
    {
      "@id": "https://raa.gf-franken.de/de/suche-nach-stammbucheintraegen.html?permaLink=1604_olai;5",
      "collection": {
        "abbr": "RAAE",
        "name": "Repertorium Alborum Amicorum (RAA) - Stammbucheintr\u00e4ge",
        "publisher": "Department Germanistik und Komparatistik der Friedrich-Alexander-Universit\u00e4t Erlangen-N\u00fcrnberg in Zusammenarbeit mit der Gesellschaft f\u00fcr Familienforschung in Franken",
        "icon": "https://www.gf-franken.de/favicon.ico"
      }
    },
    {
      "@id": "https://raa.gf-franken.de/de/suche-nach-stammbucheintraegen.html?permaLink=1605_kayser;10",
      "collection": {
        "abbr": "RAAE",
        "name": "Repertorium Alborum Amicorum (RAA) - Stammbucheintr\u00e4ge",
        "publisher": "Department Germanistik und Komparatistik der Friedrich-Alexander-Universit\u00e4t Erlangen-N\u00fcrnberg in Zusammenarbeit mit der Gesellschaft f\u00fcr Familienforschung in Franken",
        "icon": "https://www.gf-franken.de/favicon.ico"
      }
    },
    {
      "@id": "https://www.deutsche-biographie.de/pnd124686214.html#adbcontent",
      "collection": {
        "abbr": "ADB",
        "name": "Allgemeine Deutsche Biographie (ADB)",
        "publisher": "Historische Kommission bei der Bayerischen Akademie der Wissenschaften und Bayerische Staatsbibliothek",
        "icon": "https://www.deutsche-biographie.de/favicon.ico"
      }
    },
    {
      "@id": "https://www.deutsche-digitale-bibliothek.de/person/gnd/124686214",
      "collection": {
        "abbr": "DDB",
        "name": "Deutsche Digitale Bibliothek",
        "publisher": "Deutsche Digitale Bibliothek",
        "icon": "https://www.deutsche-digitale-bibliothek.de/favicon.ico"
      }
    },
    {
      "@id": "https://www.portraitindex.de/dokumente/pnd/124686214",
      "collection": {
        "abbr": "Portraitindex",
        "name": "Digitaler Portraitindex der druckgraphischen Bildnisse der Fru\u0308hen Neuzeit",
        "publisher": "Deutsches Dokumentationszentrum fu\u0308r Kunstgeschichte - Bildarchiv Foto Marburg",
        "icon": "https://www.portraitindex.de/favicon.ico"
      }
    },
    {
      "@id": "http://id.loc.gov/rwo/agents/nr2003025362",
      "collection": {
        "abbr": "LC",
        "name": "NACO Authority File",
        "publisher": "Library of Congress",
        "icon": "https://www.loc.gov/favicon.ico"
      }
    },
    {
      "@id": "http://viaf.org/viaf/42777978",
      "collection": {
        "abbr": "VIAF",
        "name": "Virtual International Authority File (VIAF)",
        "publisher": "OCLC",
        "icon": "https://viaf.org/viaf/images/viaf.ico"
      }
    },
    {
      "@id": "http://www.wikidata.org/entity/Q1506348",
      "collection": {
        "abbr": "WIKIDATA",
        "name": "Wikidata",
        "publisher": "Wikimedia Foundation Inc.",
        "icon": "https://www.wikidata.org/static/favicon/wikidata.ico"
      }
    },
    {
      "@id": "https://isni.org/isni/000000007102641X",
      "collection": {
        "abbr": "ISNI",
        "name": "International Standard Name Identifier (ISNI)",
        "publisher": "International Standard Name Identifier (ISNI)",
        "icon": "https://www.isni.org/sites/default/files/isni_new_favicon.ico"
      }
    }
  ]
}