{
  "@context": "http://hub.culturegraph.org/entityfacts/context/v1/entityfacts.jsonld",
  "@id": "https://d-nb.info/gnd/12461471X",
  "describedBy": {
    "valid": "2026-04-27T06:37:01Z",
    "license": "https://creativecommons.org/publicdomain/zero/1.0/",
    "@id": "https://hub.culturegraph.org/entityfacts/12461471X"
  },
  "preferredName": "Jakob Rathgeb",
  "surname": "Rathgeb",
  "forename": "Jakob",
  "@type": "person",
  "variantName": [
    "Jacob Rathgeb",
    "Jakob Rathgeber",
    "Jacob Rathgeber",
    "Jacob Rahtgeb",
    "Jakob Rahtgeb",
    "Jacob Rathgeben",
    "Jakob Rathgeben",
    "Jakob Ratgeb",
    "J. R. V. S.",
    "Jacob Rahtgeb von Speyr"
  ],
  "dateOfBirth": "XX.XX.1560",
  "dateOfDeath": "September 26, 1621",
  "placeOfBirth": [
    {
      "@id": "https://d-nb.info/gnd/4056179-3",
      "preferredName": "Speyer"
    }
  ],
  "placeOfDeath": [
    {
      "@id": "https://d-nb.info/gnd/4058282-6",
      "preferredName": "Stuttgart"
    }
  ],
  "placeOfActivity": [
    {
      "@id": "https://d-nb.info/gnd/4074960-5",
      "preferredName": "Montbe\u0301liard"
    },
    {
      "@id": "https://d-nb.info/gnd/4058282-6",
      "preferredName": "Stuttgart"
    }
  ],
  "associatedCountry": [
    {
      "@id": "https://d-nb.info/standards/vocab/gnd/geographic-area-code#XA-DE",
      "preferredName": "Deutschland"
    },
    {
      "@id": "https://d-nb.info/standards/vocab/gnd/geographic-area-code#XA-FR",
      "preferredName": "Frankreich"
    }
  ],
  "professionOrOccupation": [
    {
      "preferredName": "Geheimer Sekreta\u0308r"
    },
    {
      "preferredName": "Kammersekreta\u0308r"
    },
    {
      "@id": "https://d-nb.info/gnd/4061414-1",
      "preferredName": "U\u0308bersetzer"
    }
  ],
  "gender": {
    "@id": "https://d-nb.info/standards/vocab/gnd/gender#male",
    "label": "Mann"
  },
  "biographicalOrHistoricalInformation": "Sohn armer Eltern, erzogen von dem Mo\u0308mpelgardischen Rentmeister Binichius. Unter Herzog Friedrich I. von Wu\u0308rttemberg als Kammersekreta\u0308r in Mo\u0308mpelgard, 1594 Geheimer Sekreta\u0308r. U\u0308bersetzer aus dem Franzo\u0308sischen",
  "relatedPerson": [
    {
      "@id": "https://d-nb.info/gnd/135719372",
      "relationship": "VD-16 Mitverf.",
      "preferredName": "Friedrich Castellio"
    },
    {
      "@id": "https://d-nb.info/gnd/118836862",
      "relationship": "VD-16 Mitverf.",
      "preferredName": "Franc\u0327ois de La Noue"
    },
    {
      "@id": "https://d-nb.info/gnd/118778781",
      "relationship": "VD-16 Mitverf.",
      "preferredName": "Pierre de La Primaudaye"
    },
    {
      "@id": "https://d-nb.info/gnd/100335993",
      "relationship": "VD-16 Mitverf.",
      "preferredName": "Jean de Serres"
    },
    {
      "@id": "https://d-nb.info/gnd/121208125",
      "relationship": "VD-16 Mitverf.",
      "preferredName": "Philippe Canaye"
    },
    {
      "@id": "https://d-nb.info/gnd/119673673",
      "relationship": "VD-16 Mitverf.",
      "preferredName": "Jacob Foillet"
    },
    {
      "@id": "https://d-nb.info/gnd/119694417",
      "relationship": "VD-16 Mitverf.",
      "preferredName": "Franc\u0327ois Guibaudet"
    }
  ],
  "sameAs": [
    {
      "@id": "https://d-nb.info/gnd/12461471X/about",
      "collection": {
        "abbr": "DNB",
        "name": "Gemeinsame Normdatei (GND) im Katalog der Deutschen Nationalbibliothek",
        "publisher": "Deutsche Nationalbibliothek",
        "icon": "https://www.dnb.de/SiteGlobals/Frontend/DNBWeb/Images/favicon.png?__blob=normal&v=4"
      }
    },
    {
      "@id": "http://catalogue.bnf.fr/ark:/12148/cb10327739r",
      "collection": {
        "abbr": "BNF",
        "name": "Bibliothe\u0300que nationale de France",
        "publisher": "Bibliothe\u0300que nationale de France",
        "icon": "https://www.bnf.fr/themes/custom/bnfsi/favicon.ico"
      }
    },
    {
      "@id": "https://raa.gf-franken.de/de/suche-nach-stammbuechern.html?permaLink=1600_ratgeb",
      "collection": {
        "abbr": "RAAS",
        "name": "Repertorium Alborum Amicorum (RAA) - Stammb\u00fccher",
        "publisher": "Department Germanistik und Komparatistik der Friedrich-Alexander-Universit\u00e4t Erlangen-N\u00fcrnberg in Zusammenarbeit mit der Gesellschaft f\u00fcr Familienforschung in Franken",
        "icon": "https://www.gf-franken.de/favicon.ico"
      }
    },
    {
      "@id": "https://www.deutsche-digitale-bibliothek.de/person/gnd/12461471X",
      "collection": {
        "abbr": "DDB",
        "name": "Deutsche Digitale Bibliothek",
        "publisher": "Deutsche Digitale Bibliothek",
        "icon": "https://www.deutsche-digitale-bibliothek.de/favicon.ico"
      }
    },
    {
      "@id": "http://viaf.org/viaf/283718318",
      "collection": {
        "abbr": "VIAF",
        "name": "Virtual International Authority File (VIAF)",
        "publisher": "OCLC",
        "icon": "https://viaf.org/viaf/images/viaf.ico"
      }
    },
    {
      "@id": "http://www.wikidata.org/entity/Q137129178",
      "collection": {
        "abbr": "WIKIDATA",
        "name": "Wikidata",
        "publisher": "Wikimedia Foundation Inc.",
        "icon": "https://www.wikidata.org/static/favicon/wikidata.ico"
      }
    },
    {
      "@id": "https://isni.org/isni/0000000382209555",
      "collection": {
        "abbr": "ISNI",
        "name": "International Standard Name Identifier (ISNI)",
        "publisher": "International Standard Name Identifier (ISNI)",
        "icon": "https://www.isni.org/sites/default/files/isni_new_favicon.ico"
      }
    }
  ]
}