{
  "@context": "http://hub.culturegraph.org/entityfacts/context/v1/entityfacts.jsonld",
  "@id": "https://d-nb.info/gnd/124612644",
  "describedBy": {
    "valid": "2026-04-29T03:09:16Z",
    "license": "https://creativecommons.org/publicdomain/zero/1.0/",
    "@id": "https://hub.culturegraph.org/entityfacts/124612644"
  },
  "preferredName": "Caspar Ulrich",
  "surname": "Ulrich",
  "forename": "Caspar",
  "@type": "person",
  "variantName": [
    "Caspar Ulrici",
    "Caspar Ulricus",
    "Kaspar Ulrich",
    "Casparus Ulricus",
    "Casp. Ulricus, Munerstadiensis",
    "Caspar Ulr."
  ],
  "pseudonym": [
    {
      "preferredName": "Irena\u0308us Pala\u0308us"
    },
    {
      "preferredName": "Irena\u0308us Pala\u0308us"
    }
  ],
  "dateOfBirth": "1558",
  "dateOfDeath": "1611",
  "placeOfBirth": [
    {
      "@id": "https://d-nb.info/gnd/4040602-7",
      "preferredName": "Mu\u0308nnerstadt"
    }
  ],
  "placeOfDeath": [
    {
      "@id": "https://d-nb.info/gnd/4067663-8",
      "preferredName": "Zerbst/Anhalt"
    }
  ],
  "associatedCountry": [
    {
      "@id": "https://d-nb.info/standards/vocab/gnd/geographic-area-code#XA-DE",
      "preferredName": "Deutschland"
    }
  ],
  "professionOrOccupation": [
    {
      "@id": "https://d-nb.info/gnd/4132592-8",
      "preferredName": "Pfarrer"
    },
    {
      "@id": "https://d-nb.info/gnd/4184110-4",
      "preferredName": "Superintendent"
    },
    {
      "@id": "https://d-nb.info/gnd/4158589-6",
      "preferredName": "Gymnasiallehrer"
    }
  ],
  "biographicalOrHistoricalInformation": "Dt. ev. Theologe; Student in Wittenberg; Pfarrer in Amsdorf (Anhalt); ab 1599 in Zerbst Superintendent und Prof. am Gymnasium",
  "relatedPerson": [
    {
      "@id": "https://d-nb.info/gnd/119605929",
      "relationship": "VD-16 Mitverf.",
      "preferredName": "Daniel Amling"
    },
    {
      "relationship": "VD-16 Mitverf.",
      "preferredName": "Wolfgang Amling, der A\u0308ltere"
    },
    {
      "relationship": "VD-16 Mitverf.",
      "preferredName": "Gregor Bersman"
    },
    {
      "relationship": "VD-16 Mitverf.",
      "preferredName": "Johannes Brendel"
    },
    {
      "relationship": "VD-16 Mitverf.",
      "preferredName": "Gregor Forwerg"
    },
    {
      "@id": "https://d-nb.info/gnd/122828038",
      "relationship": "VD-16 Mitverf.",
      "preferredName": "Bartholoma\u0308us Gericke"
    },
    {
      "@id": "https://d-nb.info/gnd/132995417",
      "relationship": "VD-16 Mitverf.",
      "preferredName": "Konrad Oldendorp"
    },
    {
      "relationship": "VD-16 Mitverf.",
      "preferredName": "Jakob Schegk, der Ju\u0308ngere"
    },
    {
      "relationship": "VD-16 Mitverf.",
      "preferredName": "Johannes Strack"
    },
    {
      "@id": "https://d-nb.info/gnd/119791099",
      "relationship": "VD-16 Mitverf.",
      "preferredName": "Justus Poghinus"
    }
  ],
  "sameAs": [
    {
      "@id": "https://d-nb.info/gnd/124612644/about",
      "collection": {
        "abbr": "DNB",
        "name": "Gemeinsame Normdatei (GND) im Katalog der Deutschen Nationalbibliothek",
        "publisher": "Deutsche Nationalbibliothek",
        "icon": "https://www.dnb.de/SiteGlobals/Frontend/DNBWeb/Images/favicon.png?__blob=normal&v=4"
      }
    },
    {
      "@id": "https://raa.gf-franken.de/de/suche-nach-stammbuechern.html?permaLink=1582_ulrich",
      "collection": {
        "abbr": "RAAS",
        "name": "Repertorium Alborum Amicorum (RAA) - Stammb\u00fccher",
        "publisher": "Department Germanistik und Komparatistik der Friedrich-Alexander-Universit\u00e4t Erlangen-N\u00fcrnberg in Zusammenarbeit mit der Gesellschaft f\u00fcr Familienforschung in Franken",
        "icon": "https://www.gf-franken.de/favicon.ico"
      }
    },
    {
      "@id": "https://www.deutsche-digitale-bibliothek.de/person/gnd/124612644",
      "collection": {
        "abbr": "DDB",
        "name": "Deutsche Digitale Bibliothek",
        "publisher": "Deutsche Digitale Bibliothek",
        "icon": "https://www.deutsche-digitale-bibliothek.de/favicon.ico"
      }
    },
    {
      "@id": "http://viaf.org/viaf/32934819",
      "collection": {
        "abbr": "VIAF",
        "name": "Virtual International Authority File (VIAF)",
        "publisher": "OCLC",
        "icon": "https://viaf.org/viaf/images/viaf.ico"
      }
    },
    {
      "@id": "http://www.wikidata.org/entity/Q139152225",
      "collection": {
        "abbr": "WIKIDATA",
        "name": "Wikidata",
        "publisher": "Wikimedia Foundation Inc.",
        "icon": "https://www.wikidata.org/static/favicon/wikidata.ico"
      }
    },
    {
      "@id": "https://isni.org/isni/0000000018778495",
      "collection": {
        "abbr": "ISNI",
        "name": "International Standard Name Identifier (ISNI)",
        "publisher": "International Standard Name Identifier (ISNI)",
        "icon": "https://www.isni.org/sites/default/files/isni_new_favicon.ico"
      }
    }
  ]
}