{
  "@context": "http://hub.culturegraph.org/entityfacts/context/v1/entityfacts.jsonld",
  "@id": "https://d-nb.info/gnd/124543081",
  "describedBy": {
    "valid": "2026-04-27T01:52:29Z",
    "license": "https://creativecommons.org/publicdomain/zero/1.0/",
    "@id": "https://hub.culturegraph.org/entityfacts/124543081"
  },
  "preferredName": "Michael Fend",
  "surname": "Fend",
  "forename": "Michael",
  "@type": "person",
  "variantName": [
    "Michael Fende",
    "Miha\u0301ly Fende",
    "Michael Fendt",
    "Michael Fendius",
    "Michael Findius",
    "M. F.",
    "M.F."
  ],
  "dateOfBirth": "1553",
  "dateOfDeath": "1625",
  "placeOfBirth": [
    {
      "@id": "https://d-nb.info/gnd/4040064-5",
      "preferredName": "Monheim Kr. Donau-Ries"
    }
  ],
  "placeOfDeath": [
    {
      "@id": "https://d-nb.info/gnd/4078063-6",
      "preferredName": "Sulzbach (Oberpfalz)"
    }
  ],
  "placeOfActivity": [
    {
      "@id": "https://d-nb.info/gnd/4034738-2",
      "preferredName": "Lauingen (Donau)"
    },
    {
      "@id": "https://d-nb.info/gnd/4041719-0",
      "preferredName": "Neuburg a.d. Donau"
    }
  ],
  "associatedCountry": [
    {
      "@id": "https://d-nb.info/standards/vocab/gnd/geographic-area-code#XA-DE",
      "preferredName": "Deutschland"
    }
  ],
  "professionOrOccupation": [
    {
      "@id": "https://d-nb.info/gnd/4158589-6",
      "preferredName": "Gymnasiallehrer"
    },
    {
      "@id": "https://d-nb.info/gnd/4199252-0",
      "preferredName": "Rektor"
    },
    {
      "@id": "https://d-nb.info/gnd/4053309-8",
      "preferredName": "Schriftsteller"
    }
  ],
  "biographicalOrHistoricalInformation": "Deutscher Pa\u0308dagoge und Poet; Schu\u0308ler in Lauingen; Student in Ingolstadt und Tu\u0308bingen; Lehrer in Lauingen; ab 1595 Professor und Rektor an der Lateinschule in Neuburg (Donau); 1597 Poeta laureatus; 1616 entlassen wegen Rekatholisierung des Fu\u0308rstentums Pfalz-Neuburg; spa\u0308ter in Sulzbach",
  "relatedPerson": [
    {
      "@id": "https://d-nb.info/gnd/119860937",
      "relationship": "VD-16 Mitverf.",
      "preferredName": "Aegidius Sebastian Voit"
    },
    {
      "@id": "https://d-nb.info/gnd/119552442",
      "relationship": "VD-16 Mitverf.",
      "preferredName": "Philipp Menzel"
    },
    {
      "@id": "https://d-nb.info/gnd/116703318",
      "relationship": "VD-16 Mitverf.",
      "preferredName": "Martin Ruland"
    },
    {
      "@id": "https://d-nb.info/gnd/116423102",
      "relationship": "VD-16 Mitverf.",
      "preferredName": "Tobias Braun"
    },
    {
      "@id": "https://d-nb.info/gnd/100069983",
      "relationship": "VD-16 Mitverf.",
      "preferredName": "Nikolaus Reusner"
    },
    {
      "relationship": "VD-16 Mitverf.",
      "preferredName": "Martin Ruland, der A\u0308ltere"
    },
    {
      "relationship": "Amberg; VD-16 Mitverf.",
      "preferredName": "Michael Bo\u0308hem"
    },
    {
      "relationship": "VD-16 Mitverf.",
      "preferredName": "Veit Kirchbaur"
    },
    {
      "@id": "https://d-nb.info/gnd/118755366",
      "relationship": "VD-16 Mitverf.",
      "preferredName": "Tobias Stimmer"
    },
    {
      "@id": "https://d-nb.info/gnd/129980641",
      "relationship": "VD-16 Mitverf.",
      "preferredName": "Jeremias Reusner"
    }
  ],
  "familialRelationship": [
    {
      "@id": "https://d-nb.info/gnd/1014358191",
      "relationship": "Sohn",
      "preferredName": "Emanuel Fend"
    },
    {
      "@id": "https://d-nb.info/gnd/115463224",
      "relationship": "Tochter",
      "preferredName": "Euphrosyna Tressel"
    }
  ],
  "depiction": {
    "@id": "https://commons.wikimedia.org/wiki/Special:FilePath/Portret%20van%20Michael%20Fendi%2C%20RP-P-1914-2734.jpg",
    "publisher": "Wikimedia Commons",
    "copyrighted": "true",
    "creator": [
      "Rijksmuseum"
    ],
    "creditText": [
      "http://hdl.handle.net/10934/RM0001.COLLECT.106724"
    ],
    "license": [
      {
        "@id": "http://creativecommons.org/publicdomain/zero/1.0/deed.en",
        "abbr": "CC0",
        "name": "Creative Commons Zero, Public Domain Dedication",
        "attributionRequired": "false",
        "restrictions": ""
      }
    ],
    "url": "https://commons.wikimedia.org/wiki/File:Portret%20van%20Michael%20Fendi%2C%20RP-P-1914-2734.jpg?uselang=en",
    "thumbnail": {
      "@id": "https://commons.wikimedia.org/wiki/Special:FilePath/Portret%20van%20Michael%20Fendi%2C%20RP-P-1914-2734.jpg?width=270"
    }
  },
  "sameAs": [
    {
      "@id": "https://d-nb.info/gnd/124543081/about",
      "collection": {
        "abbr": "DNB",
        "name": "Gemeinsame Normdatei (GND) im Katalog der Deutschen Nationalbibliothek",
        "publisher": "Deutsche Nationalbibliothek",
        "icon": "https://www.dnb.de/SiteGlobals/Frontend/DNBWeb/Images/favicon.png?__blob=normal&v=4"
      }
    },
    {
      "@id": "https://kalliope-verbund.info/gnd/124543081",
      "collection": {
        "abbr": "DE-611",
        "name": "Kalliope Verbundkatalog",
        "publisher": "Staatsbibliothek zu Berlin - Preu\u00dfischer Kulturbesitz",
        "icon": "https://kalliope-verbund.info/img/favicon.ico"
      }
    },
    {
      "@id": "https://raa.gf-franken.de/de/suche-nach-stammbucheintraegen.html?permaLink=1581_stang;20",
      "collection": {
        "abbr": "RAAE",
        "name": "Repertorium Alborum Amicorum (RAA) - Stammbucheintr\u00e4ge",
        "publisher": "Department Germanistik und Komparatistik der Friedrich-Alexander-Universit\u00e4t Erlangen-N\u00fcrnberg in Zusammenarbeit mit der Gesellschaft f\u00fcr Familienforschung in Franken",
        "icon": "https://www.gf-franken.de/favicon.ico"
      }
    },
    {
      "@id": "https://raa.gf-franken.de/de/suche-nach-stammbuechern.html?permaLink=1574_fend",
      "collection": {
        "abbr": "RAAS",
        "name": "Repertorium Alborum Amicorum (RAA) - Stammb\u00fccher",
        "publisher": "Department Germanistik und Komparatistik der Friedrich-Alexander-Universit\u00e4t Erlangen-N\u00fcrnberg in Zusammenarbeit mit der Gesellschaft f\u00fcr Familienforschung in Franken",
        "icon": "https://www.gf-franken.de/favicon.ico"
      }
    },
    {
      "@id": "https://www.deutsche-digitale-bibliothek.de/person/gnd/124543081",
      "collection": {
        "abbr": "DDB",
        "name": "Deutsche Digitale Bibliothek",
        "publisher": "Deutsche Digitale Bibliothek",
        "icon": "https://www.deutsche-digitale-bibliothek.de/favicon.ico"
      }
    },
    {
      "@id": "https://www.portraitindex.de/dokumente/pnd/124543081",
      "collection": {
        "abbr": "Portraitindex",
        "name": "Digitaler Portraitindex der druckgraphischen Bildnisse der Fru\u0308hen Neuzeit",
        "publisher": "Deutsches Dokumentationszentrum fu\u0308r Kunstgeschichte - Bildarchiv Foto Marburg",
        "icon": "https://www.portraitindex.de/favicon.ico"
      }
    },
    {
      "@id": "http://viaf.org/viaf/100900087",
      "collection": {
        "abbr": "VIAF",
        "name": "Virtual International Authority File (VIAF)",
        "publisher": "OCLC",
        "icon": "https://viaf.org/viaf/images/viaf.ico"
      }
    },
    {
      "@id": "http://www.wikidata.org/entity/Q112440805",
      "collection": {
        "abbr": "WIKIDATA",
        "name": "Wikidata",
        "publisher": "Wikimedia Foundation Inc.",
        "icon": "https://www.wikidata.org/static/favicon/wikidata.ico"
      }
    },
    {
      "@id": "https://isni.org/isni/0000000120315876",
      "collection": {
        "abbr": "ISNI",
        "name": "International Standard Name Identifier (ISNI)",
        "publisher": "International Standard Name Identifier (ISNI)",
        "icon": "https://www.isni.org/sites/default/files/isni_new_favicon.ico"
      }
    }
  ]
}