{
  "@context": "http://hub.culturegraph.org/entityfacts/context/v1/entityfacts.jsonld",
  "@id": "https://d-nb.info/gnd/124521983",
  "describedBy": {
    "valid": "2026-04-26T19:39:16Z",
    "license": "https://creativecommons.org/publicdomain/zero/1.0/",
    "@id": "https://hub.culturegraph.org/entityfacts/124521983"
  },
  "preferredName": "Michael Ziegler",
  "surname": "Ziegler",
  "forename": "Michael",
  "@type": "person",
  "academicDegree": [
    "Prof. Dr. med."
  ],
  "variantName": [
    "Michael Zieglerus"
  ],
  "dateOfBirth": "June 1, 1563",
  "dateOfDeath": "October 1, 1615",
  "placeOfBirth": [
    {
      "@id": "https://d-nb.info/gnd/4037601-1",
      "preferredName": "Markgro\u0308ningen"
    }
  ],
  "placeOfDeath": [
    {
      "@id": "https://d-nb.info/gnd/4061147-4",
      "preferredName": "Tu\u0308bingen"
    }
  ],
  "associatedCountry": [
    {
      "@id": "https://d-nb.info/standards/vocab/gnd/geographic-area-code#XA-DE",
      "preferredName": "Deutschland"
    }
  ],
  "professionOrOccupation": [
    {
      "@id": "https://d-nb.info/gnd/4003157-3",
      "preferredName": "Arzt"
    },
    {
      "@id": "https://d-nb.info/gnd/4317125-4",
      "preferredName": "Gra\u0308zist"
    }
  ],
  "gender": {
    "@id": "https://d-nb.info/standards/vocab/gnd/gender#male",
    "label": "Mann"
  },
  "biographicalOrHistoricalInformation": "Schulbesuch in Markgro\u0308ningen und Stuttgart, 1582 imm. Tu\u0308bingen, 1583 Bacc. art., 1586 Mag. art., anschlie\u00dfend in O\u0308sterreich als Hofmeister, Studium der Medizin in Stra\u00dfburg, 1589 wieder immatrik. in Tu\u0308bingen, 1592-1607 Professor der griechischen Sprache, 1594-1615 Prof. der Metaphysik. Pa\u0308dagogarch, Pra\u0308ses bei den Disputationen der Bakkalaureaten, 1597 Dr.med., 1597/98 Dekan der Artistenfakulta\u0308t, ebenso 1604/05, 1609/10 und 1612, 1604/05 Rector contubernii vertretungsweise, 1607-1615 Professor logices; 2 Leichenpredigten: a) gehalten von Matth. Hafenreffer, b) von Johann Ludwig Mo\u0308gling",
  "affiliation": [
    {
      "@id": "https://d-nb.info/gnd/36187-2",
      "preferredName": "Eberhard Karls Universita\u0308t Tu\u0308bingen"
    }
  ],
  "relatedPerson": [
    {
      "relationship": "VD-16 Mitverf.",
      "preferredName": "Johannes Leonhard Fleiner"
    },
    {
      "relationship": "VD-16 Mitverf.",
      "preferredName": "Thomas Lantz"
    },
    {
      "@id": "https://d-nb.info/gnd/100547133",
      "relationship": "VD-16 Mitverf.",
      "preferredName": "Conrad Lejus"
    }
  ],
  "familialRelationship": [
    {
      "@id": "https://d-nb.info/gnd/1076764517",
      "relationship": "Ehefrau",
      "preferredName": "Justina Voltz"
    },
    {
      "@id": "https://d-nb.info/gnd/124744346",
      "relationship": "Schwiegervater",
      "preferredName": "Valentin Voltz"
    },
    {
      "@id": "https://d-nb.info/gnd/128560940",
      "relationship": "Sohn",
      "preferredName": "Johann Walter Ziegler"
    },
    {
      "@id": "https://d-nb.info/gnd/1077068832",
      "relationship": "Sohn",
      "preferredName": "David Ziegler"
    }
  ],
  "depiction": {
    "@id": "https://commons.wikimedia.org/wiki/Special:FilePath/Michael%20Ziegler%201600%20%28ATUSi5%29.jpg",
    "publisher": "Wikimedia Commons",
    "copyrighted": "false",
    "creator": [
      "Unknown authorUnknown author"
    ],
    "creditText": [
      "eingescannt aus: Werner Fleischhauer: Die Anf\u00e4nge der T\u00fcbinger Universit\u00e4tsbildnissammlung \u2013 ein Beitrag zur Geschichte der Malerei der Sp\u00e4trenaissance im Herzogtum W\u00fcrttemberg. In: Werner Fleischhauer u.a.: Neue Beitr\u00e4ge zur s\u00fcdwestdeutschen Landesgeschichte. Festschrift f\u00fcr Max Miller, Stuttgart&nbsp;: Kohlhammer 1962, S. 197\u2013216"
    ],
    "license": [
      {
        "@id": "https://creativecommons.org/publicdomain/mark/1.0/",
        "abbr": "PD",
        "name": "Public Domain",
        "attributionRequired": "false",
        "restrictions": ""
      }
    ],
    "url": "https://commons.wikimedia.org/wiki/File:Michael%20Ziegler%201600%20%28ATUSi5%29.jpg?uselang=en",
    "thumbnail": {
      "@id": "https://commons.wikimedia.org/wiki/Special:FilePath/Michael%20Ziegler%201600%20%28ATUSi5%29.jpg?width=270"
    }
  },
  "sameAs": [
    {
      "@id": "https://d-nb.info/gnd/124521983/about",
      "collection": {
        "abbr": "DNB",
        "name": "Gemeinsame Normdatei (GND) im Katalog der Deutschen Nationalbibliothek",
        "publisher": "Deutsche Nationalbibliothek",
        "icon": "https://www.dnb.de/SiteGlobals/Frontend/DNBWeb/Images/favicon.png?__blob=normal&v=4"
      }
    },
    {
      "@id": "https://de.wikipedia.org/wiki/Michael_Ziegler_%28Philologe%29",
      "collection": {
        "abbr": "dewiki",
        "name": "Wikipedia (Deutsch)",
        "publisher": "Wikimedia Foundation Inc.",
        "icon": "https://de.wikipedia.org/static/favicon/wikipedia.ico"
      }
    },
    {
      "@id": "https://kalliope-verbund.info/gnd/124521983",
      "collection": {
        "abbr": "DE-611",
        "name": "Kalliope Verbundkatalog",
        "publisher": "Staatsbibliothek zu Berlin - Preu\u00dfischer Kulturbesitz",
        "icon": "https://kalliope-verbund.info/img/favicon.ico"
      }
    },
    {
      "@id": "https://raa.gf-franken.de/de/suche-nach-stammbucheintraegen.html?permaLink=1573_ochsenbach;220",
      "collection": {
        "abbr": "RAAE",
        "name": "Repertorium Alborum Amicorum (RAA) - Stammbucheintr\u00e4ge",
        "publisher": "Department Germanistik und Komparatistik der Friedrich-Alexander-Universit\u00e4t Erlangen-N\u00fcrnberg in Zusammenarbeit mit der Gesellschaft f\u00fcr Familienforschung in Franken",
        "icon": "https://www.gf-franken.de/favicon.ico"
      }
    },
    {
      "@id": "https://www.archivportal-d.de/person/gnd/124521983",
      "collection": {
        "abbr": "ARCHIV-D",
        "name": "Archivportal-D",
        "publisher": "Deutsche Digitale Bibliothek",
        "icon": "https://www.archivportal-d.de/favicon.ico"
      }
    },
    {
      "@id": "https://www.deutsche-digitale-bibliothek.de/person/gnd/124521983",
      "collection": {
        "abbr": "DDB",
        "name": "Deutsche Digitale Bibliothek",
        "publisher": "Deutsche Digitale Bibliothek",
        "icon": "https://www.deutsche-digitale-bibliothek.de/favicon.ico"
      }
    },
    {
      "@id": "https://www.portraitindex.de/dokumente/pnd/124521983",
      "collection": {
        "abbr": "Portraitindex",
        "name": "Digitaler Portraitindex der druckgraphischen Bildnisse der Fru\u0308hen Neuzeit",
        "publisher": "Deutsches Dokumentationszentrum fu\u0308r Kunstgeschichte - Bildarchiv Foto Marburg",
        "icon": "https://www.portraitindex.de/favicon.ico"
      }
    },
    {
      "@id": "http://viaf.org/viaf/28006952",
      "collection": {
        "abbr": "VIAF",
        "name": "Virtual International Authority File (VIAF)",
        "publisher": "OCLC",
        "icon": "https://viaf.org/viaf/images/viaf.ico"
      }
    },
    {
      "@id": "http://www.wikidata.org/entity/Q15835113",
      "collection": {
        "abbr": "WIKIDATA",
        "name": "Wikidata",
        "publisher": "Wikimedia Foundation Inc.",
        "icon": "https://www.wikidata.org/static/favicon/wikidata.ico"
      }
    },
    {
      "@id": "https://isni.org/isni/0000000054837472",
      "collection": {
        "abbr": "ISNI",
        "name": "International Standard Name Identifier (ISNI)",
        "publisher": "International Standard Name Identifier (ISNI)",
        "icon": "https://www.isni.org/sites/default/files/isni_new_favicon.ico"
      }
    }
  ]
}