{
  "@context": "http://hub.culturegraph.org/entityfacts/context/v1/entityfacts.jsonld",
  "@id": "https://d-nb.info/gnd/124437680",
  "describedBy": {
    "valid": "2026-04-26T21:39:53Z",
    "license": "https://creativecommons.org/publicdomain/zero/1.0/",
    "@id": "https://hub.culturegraph.org/entityfacts/124437680"
  },
  "preferredName": "Otto Melander",
  "surname": "Melander",
  "forename": "Otto",
  "@type": "person",
  "variantName": [
    "Otho Melander von Schwarzenthal",
    "Otho Melander a Schwarzenthal",
    "Otho Melander a Schwartzenthal",
    "Otto Melander von Schwarzenthal",
    "Otto Melander a Schwartzenthal",
    "Otto Holzapfel",
    "Otho Holzapfel",
    "Otto Schwarzmann",
    "Otho Schwarzmann",
    "Otto Schwartzman a Schwartzenthal",
    "Otto Schwartzmann a Schwartzenthal",
    "Otto Schwartzman",
    "Otto Schwartzmann",
    "Otho Melander",
    "Otho Melandrus",
    "Othonus Melandrus"
  ],
  "dateOfBirth": "1571",
  "dateOfDeath": "1640",
  "placeOfBirth": [
    {
      "@id": "https://d-nb.info/gnd/4015525-0",
      "preferredName": "Eschwege"
    }
  ],
  "placeOfDeath": [
    {
      "@id": "https://d-nb.info/gnd/4076310-9",
      "preferredName": "Prag"
    }
  ],
  "associatedCountry": [
    {
      "@id": "https://d-nb.info/standards/vocab/gnd/geographic-area-code#XA-DE",
      "preferredName": "Deutschland"
    }
  ],
  "professionOrOccupation": [
    {
      "@id": "https://d-nb.info/gnd/4029050-5",
      "preferredName": "Jurist"
    },
    {
      "@id": "https://d-nb.info/gnd/4025243-7",
      "preferredName": "Hochschullehrer"
    },
    {
      "@id": "https://d-nb.info/gnd/4012401-0",
      "preferredName": "Diplomat"
    },
    {
      "@id": "https://d-nb.info/gnd/4053309-8",
      "preferredName": "Schriftsteller"
    },
    {
      "@id": "https://d-nb.info/gnd/4160419-2",
      "preferredName": "Hofrat"
    },
    {
      "preferredName": "Schwankdichter"
    },
    {
      "preferredName": "Hofrat, kais."
    }
  ],
  "gender": {
    "@id": "https://d-nb.info/standards/vocab/gnd/gender#male",
    "label": "Mann"
  },
  "biographicalOrHistoricalInformation": "Dt. Jurist, Poet und kaiserl. Diplomat; Dozent der Rechte und der Philosophie in Herborn; Landsyndikus in der Lausitz; Appellations- und Lehensrat in Prag; konvertierte zum Katholizismus",
  "relatedPerson": [
    {
      "@id": "https://d-nb.info/gnd/100093876",
      "relationship": "VD-16 Mitverf.",
      "preferredName": "Jacques Cujas"
    },
    {
      "relationship": "VD-16 Mitverf.",
      "preferredName": "Rudolf Goclenius, der A\u0308ltere"
    },
    {
      "@id": "https://d-nb.info/gnd/10430801X",
      "relationship": "VD-16 Mitverf.",
      "preferredName": "Martin Happel"
    },
    {
      "@id": "https://d-nb.info/gnd/119120682",
      "relationship": "VD-16 Mitverf.",
      "preferredName": "Johann Hartmann"
    },
    {
      "@id": "https://d-nb.info/gnd/124591442",
      "relationship": "VD-16 Mitverf.",
      "preferredName": "Jean Robert"
    },
    {
      "@id": "https://d-nb.info/gnd/119612208",
      "relationship": "VD-16 Mitverf.",
      "preferredName": "Georg Balander"
    },
    {
      "relationship": "VD-16 Mitverf.",
      "preferredName": "Jakob Israel Brunner"
    },
    {
      "@id": "https://d-nb.info/gnd/119821109",
      "relationship": "VD-16 Mitverf.",
      "preferredName": "Noah Schmaltz"
    },
    {
      "relationship": "VD-16 Mitverf.",
      "preferredName": "Antonio Fioribello"
    },
    {
      "@id": "https://d-nb.info/gnd/119726076",
      "relationship": "VD-16 Mitverf.",
      "preferredName": "Michael a Karpelan"
    }
  ],
  "familialRelationship": [
    {
      "@id": "https://d-nb.info/gnd/136994555",
      "relationship": "Vater",
      "preferredName": "Dionysius Melander"
    }
  ],
  "sameAs": [
    {
      "@id": "https://d-nb.info/gnd/124437680/about",
      "collection": {
        "abbr": "DNB",
        "name": "Gemeinsame Normdatei (GND) im Katalog der Deutschen Nationalbibliothek",
        "publisher": "Deutsche Nationalbibliothek",
        "icon": "https://www.dnb.de/SiteGlobals/Frontend/DNBWeb/Images/favicon.png?__blob=normal&v=4"
      }
    },
    {
      "@id": "https://de.wikipedia.org/wiki/Otto_Melander",
      "collection": {
        "abbr": "dewiki",
        "name": "Wikipedia (Deutsch)",
        "publisher": "Wikimedia Foundation Inc.",
        "icon": "https://de.wikipedia.org/static/favicon/wikipedia.ico"
      }
    },
    {
      "@id": "https://kaiserhof.geschichte.lmu.de/Q/GND=124437680",
      "collection": {
        "abbr": "KH",
        "name": "Kaiser und H\u00f6fe",
        "publisher": "Ludwig-Maximilians-Universit\u00e4t M\u00fcnchen - Historisches Seminar - Fr\u00fche Neuzeit",
        "icon": "https://kaiserhof.geschichte.lmu.de/favicon.ico"
      }
    },
    {
      "@id": "https://www.deutsche-digitale-bibliothek.de/person/gnd/124437680",
      "collection": {
        "abbr": "DDB",
        "name": "Deutsche Digitale Bibliothek",
        "publisher": "Deutsche Digitale Bibliothek",
        "icon": "https://www.deutsche-digitale-bibliothek.de/favicon.ico"
      }
    },
    {
      "@id": "http://id.loc.gov/rwo/agents/n96092167",
      "collection": {
        "abbr": "LC",
        "name": "NACO Authority File",
        "publisher": "Library of Congress",
        "icon": "https://www.loc.gov/favicon.ico"
      }
    },
    {
      "@id": "http://viaf.org/viaf/32929955",
      "collection": {
        "abbr": "VIAF",
        "name": "Virtual International Authority File (VIAF)",
        "publisher": "OCLC",
        "icon": "https://viaf.org/viaf/images/viaf.ico"
      }
    },
    {
      "@id": "http://www.wikidata.org/entity/Q1402817",
      "collection": {
        "abbr": "WIKIDATA",
        "name": "Wikidata",
        "publisher": "Wikimedia Foundation Inc.",
        "icon": "https://www.wikidata.org/static/favicon/wikidata.ico"
      }
    },
    {
      "@id": "https://isni.org/isni/0000000061363463",
      "collection": {
        "abbr": "ISNI",
        "name": "International Standard Name Identifier (ISNI)",
        "publisher": "International Standard Name Identifier (ISNI)",
        "icon": "https://www.isni.org/sites/default/files/isni_new_favicon.ico"
      }
    }
  ]
}