{
  "@context": "http://hub.culturegraph.org/entityfacts/context/v1/entityfacts.jsonld",
  "@id": "https://d-nb.info/gnd/124397093",
  "describedBy": {
    "valid": "2026-04-28T13:03:45Z",
    "license": "https://creativecommons.org/publicdomain/zero/1.0/",
    "@id": "https://hub.culturegraph.org/entityfacts/124397093"
  },
  "preferredName": "Johann Ma\u0308rckell",
  "surname": "Ma\u0308rckell",
  "forename": "Johann",
  "@type": "person",
  "variantName": [
    "Johannes Marcellus",
    "Johannes Marcellus Regiomontanus",
    "Johann Marcellus",
    "Johannes Marcellus Ma\u0308rckell",
    "Johannes Ma\u0308rckell",
    "Johann Ma\u0308rckel",
    "Johannes Ma\u0308rckel",
    "Johann Ma\u0308rkell",
    "Johannes Marcellus, aus Ko\u0308nigsberg"
  ],
  "dateOfBirth": "1510",
  "dateOfDeath": "1551",
  "placeOfBirth": [
    {
      "preferredName": "Ko\u0308nigsberg <Franken>"
    }
  ],
  "placeOfDeath": [
    {
      "@id": "https://d-nb.info/gnd/4066640-2",
      "preferredName": "Wittenberg"
    }
  ],
  "associatedCountry": [
    {
      "@id": "https://d-nb.info/standards/vocab/gnd/geographic-area-code#XA-DE",
      "preferredName": "Deutschland"
    }
  ],
  "professionOrOccupation": [
    {
      "@id": "https://d-nb.info/gnd/4160777-6",
      "preferredName": "Humanist"
    }
  ],
  "biographicalOrHistoricalInformation": "Dt. Humanist, Prof. fu\u0308r lat. Poesie an der Univ. Wittenberg",
  "relatedPerson": [
    {
      "relationship": "VD-16 Mitverf.",
      "preferredName": "Paul Eber, der A\u0308ltere"
    },
    {
      "relationship": "VD-16 Mitverf.",
      "preferredName": "Hiob Finzel"
    },
    {
      "relationship": "VD-16 Mitverf.",
      "preferredName": "Philipp Melanchthon"
    },
    {
      "@id": "https://d-nb.info/gnd/119766337",
      "relationship": "VD-16 Mitverf.",
      "preferredName": "Georg Monetius"
    },
    {
      "relationship": "VD-16 Mitverf.",
      "preferredName": "Michael Pickart"
    },
    {
      "relationship": "VD-16 Mitverf.",
      "preferredName": "Jakob Rosefeldt"
    },
    {
      "@id": "https://d-nb.info/gnd/119817276",
      "relationship": "VD-16 Mitverf.",
      "preferredName": "Heinrich Schu\u0308bell"
    },
    {
      "relationship": "VD-16 Mitverf.",
      "preferredName": "Johannes Stigel"
    },
    {
      "@id": "https://d-nb.info/gnd/118868780",
      "relationship": "VD-16 Mitverf.",
      "preferredName": "Erasmus Flock"
    },
    {
      "@id": "https://d-nb.info/gnd/118575449",
      "relationship": "VD-16 Mitverf.",
      "preferredName": "Martin Luther"
    }
  ],
  "sameAs": [
    {
      "@id": "https://d-nb.info/gnd/124397093/about",
      "collection": {
        "abbr": "DNB",
        "name": "Gemeinsame Normdatei (GND) im Katalog der Deutschen Nationalbibliothek",
        "publisher": "Deutsche Nationalbibliothek",
        "icon": "https://www.dnb.de/SiteGlobals/Frontend/DNBWeb/Images/favicon.png?__blob=normal&v=4"
      }
    },
    {
      "@id": "https://de.wikipedia.org/wiki/Johannes_Marcellus",
      "collection": {
        "abbr": "dewiki",
        "name": "Wikipedia (Deutsch)",
        "publisher": "Wikimedia Foundation Inc.",
        "icon": "https://de.wikipedia.org/static/favicon/wikipedia.ico"
      }
    },
    {
      "@id": "https://kalliope-verbund.info/gnd/124397093",
      "collection": {
        "abbr": "DE-611",
        "name": "Kalliope Verbundkatalog",
        "publisher": "Staatsbibliothek zu Berlin - Preu\u00dfischer Kulturbesitz",
        "icon": "https://kalliope-verbund.info/img/favicon.ico"
      }
    },
    {
      "@id": "https://raa.gf-franken.de/de/suche-nach-stammbucheintraegen.html?permaLink=1546_nna;27",
      "collection": {
        "abbr": "RAAE",
        "name": "Repertorium Alborum Amicorum (RAA) - Stammbucheintr\u00e4ge",
        "publisher": "Department Germanistik und Komparatistik der Friedrich-Alexander-Universit\u00e4t Erlangen-N\u00fcrnberg in Zusammenarbeit mit der Gesellschaft f\u00fcr Familienforschung in Franken",
        "icon": "https://www.gf-franken.de/favicon.ico"
      }
    },
    {
      "@id": "https://www.deutsche-digitale-bibliothek.de/person/gnd/124397093",
      "collection": {
        "abbr": "DDB",
        "name": "Deutsche Digitale Bibliothek",
        "publisher": "Deutsche Digitale Bibliothek",
        "icon": "https://www.deutsche-digitale-bibliothek.de/favicon.ico"
      }
    },
    {
      "@id": "http://viaf.org/viaf/47693215",
      "collection": {
        "abbr": "VIAF",
        "name": "Virtual International Authority File (VIAF)",
        "publisher": "OCLC",
        "icon": "https://viaf.org/viaf/images/viaf.ico"
      }
    },
    {
      "@id": "http://www.wikidata.org/entity/Q1697987",
      "collection": {
        "abbr": "WIKIDATA",
        "name": "Wikidata",
        "publisher": "Wikimedia Foundation Inc.",
        "icon": "https://www.wikidata.org/static/favicon/wikidata.ico"
      }
    },
    {
      "@id": "https://isni.org/isni/0000000025032683",
      "collection": {
        "abbr": "ISNI",
        "name": "International Standard Name Identifier (ISNI)",
        "publisher": "International Standard Name Identifier (ISNI)",
        "icon": "https://www.isni.org/sites/default/files/isni_new_favicon.ico"
      }
    }
  ]
}