{
  "@context": "http://hub.culturegraph.org/entityfacts/context/v1/entityfacts.jsonld",
  "@id": "https://d-nb.info/gnd/124389716",
  "describedBy": {
    "valid": "2026-04-27T03:45:30Z",
    "license": "https://creativecommons.org/publicdomain/zero/1.0/",
    "@id": "https://hub.culturegraph.org/entityfacts/124389716"
  },
  "preferredName": "Sebastian Bloss",
  "surname": "Bloss",
  "forename": "Sebastian",
  "@type": "person",
  "variantName": [
    "Sebastianus Blossius",
    "Sebastian Blo\u00df",
    "Sebastian Blossius"
  ],
  "dateOfBirth": "November 4, 1559",
  "dateOfDeath": "March 4, 1627",
  "placeOfBirth": [
    {
      "@id": "https://d-nb.info/gnd/4040603-9",
      "preferredName": "Mu\u0308nsingen (Baden-Wu\u0308rttemberg)"
    }
  ],
  "placeOfDeath": [
    {
      "@id": "https://d-nb.info/gnd/4374010-8",
      "preferredName": "Sulz am Neckar"
    }
  ],
  "placeOfActivity": [
    {
      "@id": "https://d-nb.info/gnd/4023996-2",
      "preferredName": "Heidelberg"
    },
    {
      "@id": "https://d-nb.info/gnd/4061529-7",
      "preferredName": "Ulm"
    },
    {
      "@id": "https://d-nb.info/gnd/4061147-4",
      "preferredName": "Tu\u0308bingen"
    }
  ],
  "associatedCountry": [
    {
      "@id": "https://d-nb.info/standards/vocab/gnd/geographic-area-code#XA-DE",
      "preferredName": "Deutschland"
    }
  ],
  "professionOrOccupation": [
    {
      "@id": "https://d-nb.info/gnd/4003157-3",
      "preferredName": "Arzt"
    },
    {
      "@id": "https://d-nb.info/gnd/4025243-7",
      "preferredName": "Hochschullehrer"
    }
  ],
  "gender": {
    "@id": "https://d-nb.info/standards/vocab/gnd/gender#male",
    "label": "Mann"
  },
  "biographicalOrHistoricalInformation": "Deutscher Mediziner; 1584 Professor in Heidelberg; 1586 Physikus in Ulm; ab 1600 Professor in Tu\u0308bingen, mehrfach Dekan der Med. Fakulta\u0308t",
  "relatedPerson": [
    {
      "@id": "https://d-nb.info/gnd/119621312",
      "relationship": "VD-16 Mitverf.",
      "preferredName": "Martin Bidermann"
    },
    {
      "@id": "https://d-nb.info/gnd/102520054",
      "relationship": "VD-16 Mitverf.",
      "preferredName": "Daniel Mo\u0308gling"
    },
    {
      "@id": "https://d-nb.info/gnd/104045221",
      "relationship": "VD-16 Mitverf.",
      "preferredName": "Jakob Schegk"
    },
    {
      "@id": "https://d-nb.info/gnd/11986567X",
      "relationship": "VD-16 Mitverf.",
      "preferredName": "Johannes Melchior Wei\u00dfenberger"
    },
    {
      "@id": "https://d-nb.info/gnd/119656825",
      "relationship": "VD-16 Mitverf.",
      "preferredName": "Janus Dousa"
    },
    {
      "@id": "https://d-nb.info/gnd/118862758",
      "relationship": "VD-16 Mitverf.",
      "preferredName": "Henri Estienne"
    },
    {
      "@id": "https://d-nb.info/gnd/119064227",
      "relationship": "VD-16 Mitverf.",
      "preferredName": "Franciscus Modius"
    },
    {
      "@id": "https://d-nb.info/gnd/124612644",
      "relationship": "VD-16 Mitverf.",
      "preferredName": "Caspar Ulrich"
    },
    {
      "@id": "https://d-nb.info/gnd/119791099",
      "relationship": "VD-16 Mitverf.",
      "preferredName": "Justus Poghinus"
    },
    {
      "@id": "https://d-nb.info/gnd/119628309",
      "relationship": "VD-16 Mitverf.",
      "preferredName": "Johannes Ambrosius Brassicanus"
    }
  ],
  "familialRelationship": [
    {
      "relationship": "zweite Ehefrau",
      "preferredName": "Anna Maria Eisengrein"
    },
    {
      "@id": "https://d-nb.info/gnd/119661705",
      "relationship": "Schwiegervater",
      "preferredName": "Balthasar Eisengrein"
    },
    {
      "@id": "https://d-nb.info/gnd/129193976",
      "relationship": "Sohn",
      "preferredName": "Johann Sebastian Bloss"
    },
    {
      "@id": "https://d-nb.info/gnd/1050971191",
      "relationship": "Sohn",
      "preferredName": "Johann Balthasar Bloss"
    }
  ],
  "depiction": {
    "@id": "https://commons.wikimedia.org/wiki/Special:FilePath/JPh%20Greter%20-%20Sebastian%20Bloss%201604%20%28ATUSi3%29.jpg",
    "publisher": "Wikimedia Commons",
    "copyrighted": "false",
    "creator": [
      "Johann Philipp Greter"
    ],
    "creditText": [
      "eingescannt aus: Werner Fleischhauer: Die Anf\u00e4nge der T\u00fcbinger Universit\u00e4tsbildnissammlung \u2013 ein Beitrag zur Geschichte der Malerei der Sp\u00e4trenaissance im Herzogtum W\u00fcrttemberg. In: Werner Fleischhauer u.a.: Neue Beitr\u00e4ge zur s\u00fcdwestdeutschen Landesgeschichte. Festschrift f\u00fcr Max Miller, Stuttgart&nbsp;: Kohlhammer 1962, S. 197\u2013216"
    ],
    "license": [
      {
        "@id": "https://creativecommons.org/publicdomain/mark/1.0/",
        "abbr": "PD",
        "name": "Public Domain",
        "attributionRequired": "false",
        "restrictions": ""
      }
    ],
    "url": "https://commons.wikimedia.org/wiki/File:JPh%20Greter%20-%20Sebastian%20Bloss%201604%20%28ATUSi3%29.jpg?uselang=en",
    "thumbnail": {
      "@id": "https://commons.wikimedia.org/wiki/Special:FilePath/JPh%20Greter%20-%20Sebastian%20Bloss%201604%20%28ATUSi3%29.jpg?width=270"
    }
  },
  "sameAs": [
    {
      "@id": "https://d-nb.info/gnd/124389716/about",
      "collection": {
        "abbr": "DNB",
        "name": "Gemeinsame Normdatei (GND) im Katalog der Deutschen Nationalbibliothek",
        "publisher": "Deutsche Nationalbibliothek",
        "icon": "https://www.dnb.de/SiteGlobals/Frontend/DNBWeb/Images/favicon.png?__blob=normal&v=4"
      }
    },
    {
      "@id": "https://de.wikipedia.org/wiki/Sebastian_Bloss",
      "collection": {
        "abbr": "dewiki",
        "name": "Wikipedia (Deutsch)",
        "publisher": "Wikimedia Foundation Inc.",
        "icon": "https://de.wikipedia.org/static/favicon/wikipedia.ico"
      }
    },
    {
      "@id": "https://kalliope-verbund.info/gnd/124389716",
      "collection": {
        "abbr": "DE-611",
        "name": "Kalliope Verbundkatalog",
        "publisher": "Staatsbibliothek zu Berlin - Preu\u00dfischer Kulturbesitz",
        "icon": "https://kalliope-verbund.info/img/favicon.ico"
      }
    },
    {
      "@id": "https://www.archivportal-d.de/person/gnd/124389716",
      "collection": {
        "abbr": "ARCHIV-D",
        "name": "Archivportal-D",
        "publisher": "Deutsche Digitale Bibliothek",
        "icon": "https://www.archivportal-d.de/favicon.ico"
      }
    },
    {
      "@id": "https://www.deutsche-digitale-bibliothek.de/person/gnd/124389716",
      "collection": {
        "abbr": "DDB",
        "name": "Deutsche Digitale Bibliothek",
        "publisher": "Deutsche Digitale Bibliothek",
        "icon": "https://www.deutsche-digitale-bibliothek.de/favicon.ico"
      }
    },
    {
      "@id": "http://id.loc.gov/rwo/agents/n91800550",
      "collection": {
        "abbr": "LC",
        "name": "NACO Authority File",
        "publisher": "Library of Congress",
        "icon": "https://www.loc.gov/favicon.ico"
      }
    },
    {
      "@id": "http://viaf.org/viaf/35388320",
      "collection": {
        "abbr": "VIAF",
        "name": "Virtual International Authority File (VIAF)",
        "publisher": "OCLC",
        "icon": "https://viaf.org/viaf/images/viaf.ico"
      }
    },
    {
      "@id": "http://www.wikidata.org/entity/Q15847034",
      "collection": {
        "abbr": "WIKIDATA",
        "name": "Wikidata",
        "publisher": "Wikimedia Foundation Inc.",
        "icon": "https://www.wikidata.org/static/favicon/wikidata.ico"
      }
    },
    {
      "@id": "https://isni.org/isni/0000000051301218",
      "collection": {
        "abbr": "ISNI",
        "name": "International Standard Name Identifier (ISNI)",
        "publisher": "International Standard Name Identifier (ISNI)",
        "icon": "https://www.isni.org/sites/default/files/isni_new_favicon.ico"
      }
    }
  ]
}