{
  "@context": "http://hub.culturegraph.org/entityfacts/context/v1/entityfacts.jsonld",
  "@id": "https://d-nb.info/gnd/123435277",
  "describedBy": {
    "valid": "2026-04-29T15:42:04Z",
    "license": "https://creativecommons.org/publicdomain/zero/1.0/",
    "@id": "https://hub.culturegraph.org/entityfacts/123435277"
  },
  "preferredName": "Simon Gedik",
  "surname": "Gedik",
  "forename": "Simon",
  "@type": "person",
  "academicDegree": [
    "Dr. theol."
  ],
  "variantName": [
    "Simon Gedicke",
    "Simon Gedike",
    "Simon Gedick",
    "Simon Gedickius",
    "Simon Gedicus",
    "Simon Goedig",
    "Simon Gediccus",
    "Simon Gidiccus",
    "Simon Gedick"
  ],
  "dateOfBirth": "October 31, 1551",
  "dateOfDeath": "October 5, 1631",
  "placeOfBirth": [
    {
      "@id": "https://d-nb.info/gnd/4119187-0",
      "preferredName": "Wurzen"
    }
  ],
  "placeOfDeath": [
    {
      "@id": "https://d-nb.info/gnd/4038749-5",
      "preferredName": "Merseburg"
    }
  ],
  "associatedCountry": [
    {
      "@id": "https://d-nb.info/standards/vocab/gnd/geographic-area-code#XA-DE",
      "preferredName": "Deutschland"
    }
  ],
  "professionOrOccupation": [
    {
      "@id": "https://d-nb.info/gnd/4132592-8",
      "preferredName": "Pfarrer"
    },
    {
      "@id": "https://d-nb.info/gnd/4015882-2",
      "preferredName": "Evangelischer Theologe"
    },
    {
      "@id": "https://d-nb.info/gnd/4199236-2",
      "preferredName": "Philologe"
    },
    {
      "@id": "https://d-nb.info/gnd/4210801-9",
      "preferredName": "Hofprediger"
    },
    {
      "@id": "https://d-nb.info/gnd/4025243-7",
      "preferredName": "Hochschullehrer"
    },
    {
      "@id": "https://d-nb.info/gnd/4209068-4",
      "preferredName": "Propst"
    },
    {
      "@id": "https://d-nb.info/gnd/4184110-4",
      "preferredName": "Superintendent"
    }
  ],
  "gender": {
    "@id": "https://d-nb.info/standards/vocab/gnd/gender#male",
    "label": "Mann"
  },
  "biographicalOrHistoricalInformation": "Evangelisch-lutherischer Theologe; Thomasschu\u0308ler in Leipzig; Student in Leipzig (1567-1574); Promotion (1592); Diakon an St. Johannis Leipzig (1573-1574); Subdiakon an St. Thomas Leipzig (1574-1576), Diakon ebd. (1576-1585); Prof. fu\u0308r hebr. Sprache an der Univ. Leipzig (ab 1581); 1. Hofprediger am Dom Halle (1585-1598); Oberhofprediger des Markgrafen Joachim Friedrich von Brandenburg in Berlin (1598-1614); Konsistorialrat und Propst in Co\u0308lln/Spree (ab 1600); Superintendent an der Frauenkirche Mei\u00dfen (1615-1616); Stiftssuperintendent in Merseburg (1617-1631)",
  "relatedPerson": [
    {
      "relationship": "VD-16 Mitverf.",
      "preferredName": "Cornelius Becker"
    },
    {
      "@id": "https://d-nb.info/gnd/121803406",
      "relationship": "VD-16 Mitverf.",
      "preferredName": "David Chytra\u0308us"
    },
    {
      "relationship": "VD-16 Mitverf.",
      "preferredName": "Johannes Habermann"
    },
    {
      "@id": "https://d-nb.info/gnd/120156679",
      "relationship": "VD-16 Mitverf.",
      "preferredName": "Petrus Lagus"
    },
    {
      "@id": "https://d-nb.info/gnd/118575449",
      "relationship": "VD-16 Mitverf.",
      "preferredName": "Martin Luther"
    },
    {
      "@id": "https://d-nb.info/gnd/129225177",
      "relationship": "VD-16 Mitverf.",
      "preferredName": "Paschasius Reinigke"
    },
    {
      "relationship": "VD-16 Mitverf.",
      "preferredName": "Heinrich Roth"
    },
    {
      "@id": "https://d-nb.info/gnd/119813092",
      "relationship": "VD-16 Mitverf.",
      "preferredName": "Siegfried Sack"
    },
    {
      "relationship": "VD-16 Mitverf.",
      "preferredName": "Nikolaus Selneccer"
    },
    {
      "relationship": "VD-16 Mitverf.",
      "preferredName": "Philipp Melanchthon"
    },
    {
      "@id": "https://d-nb.info/gnd/128974427",
      "relationship": "VD-16 Mitverf.",
      "preferredName": "Matthias Franke"
    }
  ],
  "depiction": {
    "@id": "https://commons.wikimedia.org/wiki/Special:FilePath/SimonGedik.jpg",
    "publisher": "Wikimedia Commons",
    "copyrighted": "false",
    "creator": [
      "Unknown authorUnknown author&nbsp;"
    ],
    "creditText": [
      "Seidel, Martin Friedrich (1751) Bilder-Sammung, Berlin"
    ],
    "license": [
      {
        "@id": "https://creativecommons.org/publicdomain/mark/1.0/",
        "abbr": "PD",
        "name": "Public Domain",
        "attributionRequired": "false",
        "restrictions": ""
      }
    ],
    "url": "https://commons.wikimedia.org/wiki/File:SimonGedik.jpg?uselang=en",
    "thumbnail": {
      "@id": "https://commons.wikimedia.org/wiki/Special:FilePath/SimonGedik.jpg?width=270"
    }
  },
  "sameAs": [
    {
      "@id": "https://d-nb.info/gnd/123435277/about",
      "collection": {
        "abbr": "DNB",
        "name": "Gemeinsame Normdatei (GND) im Katalog der Deutschen Nationalbibliothek",
        "publisher": "Deutsche Nationalbibliothek",
        "icon": "https://www.dnb.de/SiteGlobals/Frontend/DNBWeb/Images/favicon.png?__blob=normal&v=4"
      }
    },
    {
      "@id": "https://de.wikipedia.org/wiki/Simon_Gedik",
      "collection": {
        "abbr": "dewiki",
        "name": "Wikipedia (Deutsch)",
        "publisher": "Wikimedia Foundation Inc.",
        "icon": "https://de.wikipedia.org/static/favicon/wikipedia.ico"
      }
    },
    {
      "@id": "https://kalliope-verbund.info/gnd/123435277",
      "collection": {
        "abbr": "DE-611",
        "name": "Kalliope Verbundkatalog",
        "publisher": "Staatsbibliothek zu Berlin - Preu\u00dfischer Kulturbesitz",
        "icon": "https://kalliope-verbund.info/img/favicon.ico"
      }
    },
    {
      "@id": "https://raa.gf-franken.de/de/suche-nach-stammbucheintraegen.html?permaLink=1542_wesener;7",
      "collection": {
        "abbr": "RAAE",
        "name": "Repertorium Alborum Amicorum (RAA) - Stammbucheintr\u00e4ge",
        "publisher": "Department Germanistik und Komparatistik der Friedrich-Alexander-Universit\u00e4t Erlangen-N\u00fcrnberg in Zusammenarbeit mit der Gesellschaft f\u00fcr Familienforschung in Franken",
        "icon": "https://www.gf-franken.de/favicon.ico"
      }
    },
    {
      "@id": "https://www.deutsche-digitale-bibliothek.de/person/gnd/123435277",
      "collection": {
        "abbr": "DDB",
        "name": "Deutsche Digitale Bibliothek",
        "publisher": "Deutsche Digitale Bibliothek",
        "icon": "https://www.deutsche-digitale-bibliothek.de/favicon.ico"
      }
    },
    {
      "@id": "https://www.portraitindex.de/dokumente/pnd/123435277",
      "collection": {
        "abbr": "Portraitindex",
        "name": "Digitaler Portraitindex der druckgraphischen Bildnisse der Fru\u0308hen Neuzeit",
        "publisher": "Deutsches Dokumentationszentrum fu\u0308r Kunstgeschichte - Bildarchiv Foto Marburg",
        "icon": "https://www.portraitindex.de/favicon.ico"
      }
    },
    {
      "@id": "http://id.loc.gov/rwo/agents/n88038721",
      "collection": {
        "abbr": "LC",
        "name": "NACO Authority File",
        "publisher": "Library of Congress",
        "icon": "https://www.loc.gov/favicon.ico"
      }
    },
    {
      "@id": "http://viaf.org/viaf/13216797",
      "collection": {
        "abbr": "VIAF",
        "name": "Virtual International Authority File (VIAF)",
        "publisher": "OCLC",
        "icon": "https://viaf.org/viaf/images/viaf.ico"
      }
    },
    {
      "@id": "http://www.wikidata.org/entity/Q15450515",
      "collection": {
        "abbr": "WIKIDATA",
        "name": "Wikidata",
        "publisher": "Wikimedia Foundation Inc.",
        "icon": "https://www.wikidata.org/static/favicon/wikidata.ico"
      }
    },
    {
      "@id": "https://isni.org/isni/0000000053649517",
      "collection": {
        "abbr": "ISNI",
        "name": "International Standard Name Identifier (ISNI)",
        "publisher": "International Standard Name Identifier (ISNI)",
        "icon": "https://www.isni.org/sites/default/files/isni_new_favicon.ico"
      }
    }
  ]
}