{
  "@context": "http://hub.culturegraph.org/entityfacts/context/v1/entityfacts.jsonld",
  "@id": "https://d-nb.info/gnd/122983009",
  "describedBy": {
    "valid": "2026-04-30T00:30:03Z",
    "license": "https://creativecommons.org/publicdomain/zero/1.0/",
    "@id": "https://hub.culturegraph.org/entityfacts/122983009"
  },
  "preferredName": "Stephan von Jessen",
  "surname": "Jessen",
  "prefix": "von",
  "forename": "Stephan",
  "@type": "person",
  "variantName": [
    "Stefan von Jessen",
    "Stefan Jessensky",
    "Steffan Jessentzky",
    "Stephanus Jessen\u00dfky",
    "Stefan Jessentzky von Gro\u00df Jessen",
    "Stefan Jessentzky von Gro\u00df Jessen",
    "Stefan Jessenski von Jessen",
    "Stephan Jessensky von Jessen",
    "Stefan Jessenski von Jessen",
    "Stefan Jessensky von Jessen",
    "Stefan Jessensky von Jessen",
    "Stephanus Iessensky de Magna Iessen in Syrdanigk",
    "Stephanus Iessensky de Magna Iessen in Sirdanigk",
    "Stephanus Iessensky de Magna Iessen in Sirdanick",
    "Stephanus Iessensky de Nagh Iessen",
    "Stefan Je\u00dfen Jessensky",
    "Stephanus Jessensky",
    "Stephanus Iessenus",
    "Stephanus Iessen",
    "Stephan Jessensky von Gro\u00df Jessen",
    "Stephanus Iessensky de Magna Iessen",
    "Stephan Jeszenszky von Nagyjeszen",
    "Istva\u0301n Nagyjeszeni Jeszenszky"
  ],
  "dateOfBirth": "November 28, 1574",
  "dateOfDeath": "January 29, 1622",
  "placeOfBirth": [
    {
      "@id": "https://d-nb.info/gnd/4008216-7",
      "preferredName": "Breslau"
    }
  ],
  "placeOfDeath": [
    {
      "@id": "https://d-nb.info/gnd/4008216-7",
      "preferredName": "Breslau"
    }
  ],
  "associatedCountry": [
    {
      "@id": "https://d-nb.info/standards/vocab/gnd/geographic-area-code#XA-DE",
      "preferredName": "Deutschland"
    }
  ],
  "gender": {
    "@id": "https://d-nb.info/standards/vocab/gnd/gender#male",
    "label": "Mann"
  },
  "relatedPerson": [
    {
      "@id": "https://d-nb.info/gnd/119700689",
      "relationship": "VD-16 Mitverf.",
      "preferredName": "Georg Haunschildt von Fu\u0308rstenfeldt"
    },
    {
      "relationship": "VD-16 Mitverf.",
      "preferredName": "Nils Chesnecopherus"
    },
    {
      "@id": "https://d-nb.info/gnd/119653761",
      "relationship": "VD-16 Mitverf.",
      "preferredName": "Hektor von Dhelen"
    },
    {
      "relationship": "VD-16 Mitverf.",
      "preferredName": "Rudolf Goclenius, der A\u0308ltere"
    },
    {
      "@id": "https://d-nb.info/gnd/119699672",
      "relationship": "VD-16 Mitverf.",
      "preferredName": "Paul Hartmann"
    },
    {
      "@id": "https://d-nb.info/gnd/120649233",
      "relationship": "VD-16 Mitverf.",
      "preferredName": "Hermann Kirchner"
    },
    {
      "relationship": "VD-16 Mitverf.",
      "preferredName": "Eberhard Mittelmu\u0308ller"
    },
    {
      "@id": "https://d-nb.info/gnd/119806932",
      "relationship": "VD-16 Mitverf.",
      "preferredName": "Broder Andersson Ra\u030alamb"
    },
    {
      "relationship": "VD-16 Mitverf.",
      "preferredName": "Hector Schlanhof"
    },
    {
      "relationship": "Biedenkopf; VD-16 Mitverf.",
      "preferredName": "Konrad Vietor"
    }
  ],
  "sameAs": [
    {
      "@id": "https://d-nb.info/gnd/122983009/about",
      "collection": {
        "abbr": "DNB",
        "name": "Gemeinsame Normdatei (GND) im Katalog der Deutschen Nationalbibliothek",
        "publisher": "Deutsche Nationalbibliothek",
        "icon": "https://www.dnb.de/SiteGlobals/Frontend/DNBWeb/Images/favicon.png?__blob=normal&v=4"
      }
    },
    {
      "@id": "https://isni.org/isni/000000001369150X",
      "collection": {
        "abbr": "ISNI",
        "name": "International Standard Name Identifier (ISNI)",
        "publisher": "International Standard Name Identifier (ISNI)",
        "icon": "https://www.isni.org/sites/default/files/isni_new_favicon.ico"
      }
    },
    {
      "@id": "https://kaiserhof.geschichte.lmu.de/Q/GND=122983009",
      "collection": {
        "abbr": "KH",
        "name": "Kaiser und H\u00f6fe",
        "publisher": "Ludwig-Maximilians-Universit\u00e4t M\u00fcnchen - Historisches Seminar - Fr\u00fche Neuzeit",
        "icon": "https://kaiserhof.geschichte.lmu.de/favicon.ico"
      }
    },
    {
      "@id": "https://mmlo.de/Q/GND=122983009",
      "collection": {
        "abbr": "MMLO",
        "name": "Biographisches Lexikon der M\u00fcnzmeister und Wardeine, Stempelschneider und Medailleure",
        "publisher": "Ludwig-Maximilians-Universit\u00e4t M\u00fcnchen - Historisches Seminar - Fr\u00fche Neuzeit",
        "icon": "https://mintmaster.geschichte.lmu.de/favicon.ico"
      }
    },
    {
      "@id": "https://raa.gf-franken.de/de/suche-nach-stammbuechern.html?permaLink=1593_jeszensky",
      "collection": {
        "abbr": "RAAS",
        "name": "Repertorium Alborum Amicorum (RAA) - Stammb\u00fccher",
        "publisher": "Department Germanistik und Komparatistik der Friedrich-Alexander-Universit\u00e4t Erlangen-N\u00fcrnberg in Zusammenarbeit mit der Gesellschaft f\u00fcr Familienforschung in Franken",
        "icon": "https://www.gf-franken.de/favicon.ico"
      }
    },
    {
      "@id": "https://www.deutsche-digitale-bibliothek.de/person/gnd/122983009",
      "collection": {
        "abbr": "DDB",
        "name": "Deutsche Digitale Bibliothek",
        "publisher": "Deutsche Digitale Bibliothek",
        "icon": "https://www.deutsche-digitale-bibliothek.de/favicon.ico"
      }
    },
    {
      "@id": "http://viaf.org/viaf/311357459",
      "collection": {
        "abbr": "VIAF",
        "name": "Virtual International Authority File (VIAF)",
        "publisher": "OCLC",
        "icon": "https://viaf.org/viaf/images/viaf.ico"
      }
    },
    {
      "@id": "http://www.wikidata.org/entity/Q128768920",
      "collection": {
        "abbr": "WIKIDATA",
        "name": "Wikidata",
        "publisher": "Wikimedia Foundation Inc.",
        "icon": "https://www.wikidata.org/static/favicon/wikidata.ico"
      }
    },
    {
      "@id": "https://isni.org/isni/000000001369150X",
      "collection": {
        "abbr": "ISNI",
        "name": "International Standard Name Identifier (ISNI)",
        "publisher": "International Standard Name Identifier (ISNI)",
        "icon": "https://www.isni.org/sites/default/files/isni_new_favicon.ico"
      }
    }
  ]
}