{
  "@context": "http://hub.culturegraph.org/entityfacts/context/v1/entityfacts.jsonld",
  "@id": "https://d-nb.info/gnd/122855345",
  "describedBy": {
    "valid": "2026-04-26T12:34:52Z",
    "license": "https://creativecommons.org/publicdomain/zero/1.0/",
    "@id": "https://hub.culturegraph.org/entityfacts/122855345"
  },
  "preferredName": "Hartwig von Dassel",
  "surname": "Dassel",
  "prefix": "von",
  "forename": "Hartwig",
  "@type": "person",
  "variantName": [
    "Hardewigus a\u0300 Dasell",
    "Hardewigus a Dassel",
    "Hardewig a Dassell",
    "Hardevicus a Dassel",
    "Hardevicus a Dasselius",
    "Hardewic a Dassell",
    "Hardevicus Dasselius",
    "Hartwig von Dassell",
    "Hardewigus Dasselius",
    "Hartwig von Dassel",
    "Hardewigus a Dassell",
    "Theophilus Dassiliander",
    "Harduicus Siahfel",
    "Hartwig von Dassel, Patrizier",
    "Hartwig von Dassell, Patrizier",
    "Hardewigus a\u0300 Dasell, Patrizier",
    "Hardevicus a Dasselius, Patrizier",
    "Hardewigus a Dassel, Patrizier"
  ],
  "dateOfBirth": "1557",
  "dateOfDeath": "1608",
  "biographicalOrHistoricalInformation": "Patrizier in Lu\u0308neburg",
  "relatedPerson": [
    {
      "@id": "https://d-nb.info/gnd/118520814",
      "relationship": "VD-16 Mitverf.",
      "preferredName": "Marcus Tullius Cicero"
    },
    {
      "@id": "https://d-nb.info/gnd/128927224",
      "relationship": "VD-16 Mitverf.",
      "preferredName": "Albertus Lenicerus"
    },
    {
      "@id": "https://d-nb.info/gnd/119880067",
      "relationship": "VD-16 Mitverf.",
      "preferredName": "M.Ant.S."
    },
    {
      "@id": "https://d-nb.info/gnd/119788047",
      "relationship": "VD-16 Mitverf.",
      "preferredName": "Jacobus Pier."
    },
    {
      "relationship": "VD-16 Mitverf.",
      "preferredName": "Joachim Mynsinger von Frundeck"
    },
    {
      "@id": "https://d-nb.info/gnd/119655853",
      "relationship": "VD-16 Mitverf.",
      "preferredName": "D.O.L."
    },
    {
      "relationship": "VD-16 Mitverf.",
      "preferredName": "Johannes Schosser, der A\u0308ltere"
    },
    {
      "@id": "https://d-nb.info/gnd/119853426",
      "relationship": "VD-16 Mitverf.",
      "preferredName": "Johannes Turner"
    },
    {
      "@id": "https://d-nb.info/gnd/116118547",
      "relationship": "VD-16 Mitverf.",
      "preferredName": "Johannes Caselius"
    },
    {
      "@id": "https://d-nb.info/gnd/123209781",
      "relationship": "VD-16 Mitverf.",
      "preferredName": "Sebastian Schwan"
    }
  ],
  "sameAs": [
    {
      "@id": "https://d-nb.info/gnd/122855345/about",
      "collection": {
        "abbr": "DNB",
        "name": "Gemeinsame Normdatei (GND) im Katalog der Deutschen Nationalbibliothek",
        "publisher": "Deutsche Nationalbibliothek",
        "icon": "https://www.dnb.de/SiteGlobals/Frontend/DNBWeb/Images/favicon.png?__blob=normal&v=4"
      }
    },
    {
      "@id": "https://de.wikipedia.org/wiki/Hartwig_von_Dassel_%28Jurist%29",
      "collection": {
        "abbr": "dewiki",
        "name": "Wikipedia (Deutsch)",
        "publisher": "Wikimedia Foundation Inc.",
        "icon": "https://de.wikipedia.org/static/favicon/wikipedia.ico"
      }
    },
    {
      "@id": "https://raa.gf-franken.de/de/suche-nach-stammbucheintraegen.html?permaLink=1573_dassel;0",
      "collection": {
        "abbr": "RAAE",
        "name": "Repertorium Alborum Amicorum (RAA) - Stammbucheintr\u00e4ge",
        "publisher": "Department Germanistik und Komparatistik der Friedrich-Alexander-Universit\u00e4t Erlangen-N\u00fcrnberg in Zusammenarbeit mit der Gesellschaft f\u00fcr Familienforschung in Franken",
        "icon": "https://www.gf-franken.de/favicon.ico"
      }
    },
    {
      "@id": "https://raa.gf-franken.de/de/suche-nach-stammbuechern.html?permaLink=1573_dassel",
      "collection": {
        "abbr": "RAAS",
        "name": "Repertorium Alborum Amicorum (RAA) - Stammb\u00fccher",
        "publisher": "Department Germanistik und Komparatistik der Friedrich-Alexander-Universit\u00e4t Erlangen-N\u00fcrnberg in Zusammenarbeit mit der Gesellschaft f\u00fcr Familienforschung in Franken",
        "icon": "https://www.gf-franken.de/favicon.ico"
      }
    },
    {
      "@id": "https://www.deutsche-biographie.de/pnd122855345.html#adbcontent",
      "collection": {
        "abbr": "ADB",
        "name": "Allgemeine Deutsche Biographie (ADB)",
        "publisher": "Historische Kommission bei der Bayerischen Akademie der Wissenschaften und Bayerische Staatsbibliothek",
        "icon": "https://www.deutsche-biographie.de/favicon.ico"
      }
    },
    {
      "@id": "https://www.deutsche-digitale-bibliothek.de/person/gnd/122855345",
      "collection": {
        "abbr": "DDB",
        "name": "Deutsche Digitale Bibliothek",
        "publisher": "Deutsche Digitale Bibliothek",
        "icon": "https://www.deutsche-digitale-bibliothek.de/favicon.ico"
      }
    },
    {
      "@id": "http://viaf.org/viaf/30430115",
      "collection": {
        "abbr": "VIAF",
        "name": "Virtual International Authority File (VIAF)",
        "publisher": "OCLC",
        "icon": "https://viaf.org/viaf/images/viaf.ico"
      }
    },
    {
      "@id": "http://www.wikidata.org/entity/Q1587774",
      "collection": {
        "abbr": "WIKIDATA",
        "name": "Wikidata",
        "publisher": "Wikimedia Foundation Inc.",
        "icon": "https://www.wikidata.org/static/favicon/wikidata.ico"
      }
    },
    {
      "@id": "https://isni.org/isni/0000000083426402",
      "collection": {
        "abbr": "ISNI",
        "name": "International Standard Name Identifier (ISNI)",
        "publisher": "International Standard Name Identifier (ISNI)",
        "icon": "https://www.isni.org/sites/default/files/isni_new_favicon.ico"
      }
    }
  ]
}