{
  "@context": "http://hub.culturegraph.org/entityfacts/context/v1/entityfacts.jsonld",
  "@id": "https://d-nb.info/gnd/122728165",
  "describedBy": {
    "valid": "2026-04-29T01:25:48Z",
    "license": "https://creativecommons.org/publicdomain/zero/1.0/",
    "@id": "https://hub.culturegraph.org/entityfacts/122728165"
  },
  "preferredName": "Bernhard Schmid",
  "surname": "Schmid",
  "forename": "Bernhard",
  "@type": "person",
  "variantName": [
    "Bernhard Schmid, der A\u0308ltere",
    "Bernhard Fabricius",
    "Bernhart Schmidt",
    "Bernhard Schmid, Vater",
    "Bernhardi Schmid",
    "Bernhard Schmitt",
    "Bernhart Schmid",
    "Bernhard Fabricus",
    "Bernhart Schmid, Vater",
    "Bernhard Schmidt",
    "Fabricius Schmitt"
  ],
  "dateOfBirth": "XX.XX.1535",
  "dateOfDeath": "XX.XX.1592",
  "placeOfDeath": [
    {
      "preferredName": "Stra\u00dfburg/Elsa\u00df"
    }
  ],
  "placeOfActivity": [
    {
      "@id": "https://d-nb.info/gnd/4057878-1",
      "preferredName": "Stra\u00dfburg"
    }
  ],
  "associatedCountry": [
    {
      "@id": "https://d-nb.info/standards/vocab/gnd/geographic-area-code#XA-DE",
      "preferredName": "Deutschland"
    }
  ],
  "professionOrOccupation": [
    {
      "@id": "https://d-nb.info/gnd/4040841-3",
      "preferredName": "Musiker"
    },
    {
      "@id": "https://d-nb.info/gnd/4032009-1",
      "preferredName": "Komponist"
    },
    {
      "@id": "https://d-nb.info/gnd/4172793-9",
      "preferredName": "Organist"
    },
    {
      "@id": "https://d-nb.info/gnd/4172793-9",
      "preferredName": "Organist"
    }
  ],
  "gender": {
    "@id": "https://d-nb.info/standards/vocab/gnd/gender#male",
    "label": "Mann"
  },
  "biographicalOrHistoricalInformation": "Elsa\u0308ssischer Organist, Komponist und Schriftsteller",
  "relatedPerson": [
    {
      "relationship": "VD-16 Mitverf.",
      "preferredName": "Johannes Fischart"
    },
    {
      "@id": "https://d-nb.info/gnd/100739571",
      "relationship": "VD-16 Mitverf.",
      "preferredName": "Bernhard Jobin"
    }
  ],
  "familialRelationship": [
    {
      "@id": "https://d-nb.info/gnd/103944591",
      "relationship": "Sohn",
      "preferredName": "Bernhard Schmid"
    }
  ],
  "depiction": {
    "@id": "https://commons.wikimedia.org/wiki/Special:FilePath/Bernhard%20Schmid.jpg",
    "publisher": "Wikimedia Commons",
    "copyrighted": "false",
    "creator": [
      "Tobias Stimmer"
    ],
    "creditText": [
      "This image has been extracted from another file"
    ],
    "license": [
      {
        "@id": "https://creativecommons.org/publicdomain/mark/1.0/",
        "abbr": "PD",
        "name": "Public Domain",
        "attributionRequired": "false",
        "restrictions": ""
      }
    ],
    "url": "https://commons.wikimedia.org/wiki/File:Bernhard%20Schmid.jpg?uselang=en",
    "thumbnail": {
      "@id": "https://commons.wikimedia.org/wiki/Special:FilePath/Bernhard%20Schmid.jpg?width=270"
    }
  },
  "sameAs": [
    {
      "@id": "https://d-nb.info/gnd/122728165/about",
      "collection": {
        "abbr": "DNB",
        "name": "Gemeinsame Normdatei (GND) im Katalog der Deutschen Nationalbibliothek",
        "publisher": "Deutsche Nationalbibliothek",
        "icon": "https://www.dnb.de/SiteGlobals/Frontend/DNBWeb/Images/favicon.png?__blob=normal&v=4"
      }
    },
    {
      "@id": "https://isni.org/isni/0000000083770852",
      "collection": {
        "abbr": "ISNI",
        "name": "International Standard Name Identifier (ISNI)",
        "publisher": "International Standard Name Identifier (ISNI)",
        "icon": "https://www.isni.org/sites/default/files/isni_new_favicon.ico"
      }
    },
    {
      "@id": "https://de.wikipedia.org/wiki/Bernhard_Schmid_%28Organist%2C_1535%29",
      "collection": {
        "abbr": "dewiki",
        "name": "Wikipedia (Deutsch)",
        "publisher": "Wikimedia Foundation Inc.",
        "icon": "https://de.wikipedia.org/static/favicon/wikipedia.ico"
      }
    },
    {
      "@id": "https://www.deutsche-digitale-bibliothek.de/person/gnd/122728165",
      "collection": {
        "abbr": "DDB",
        "name": "Deutsche Digitale Bibliothek",
        "publisher": "Deutsche Digitale Bibliothek",
        "icon": "https://www.deutsche-digitale-bibliothek.de/favicon.ico"
      }
    },
    {
      "@id": "https://www.portraitindex.de/dokumente/pnd/122728165",
      "collection": {
        "abbr": "Portraitindex",
        "name": "Digitaler Portraitindex der druckgraphischen Bildnisse der Fru\u0308hen Neuzeit",
        "publisher": "Deutsches Dokumentationszentrum fu\u0308r Kunstgeschichte - Bildarchiv Foto Marburg",
        "icon": "https://www.portraitindex.de/favicon.ico"
      }
    },
    {
      "@id": "http://id.loc.gov/rwo/agents/no98027915",
      "collection": {
        "abbr": "LC",
        "name": "NACO Authority File",
        "publisher": "Library of Congress",
        "icon": "https://www.loc.gov/favicon.ico"
      }
    },
    {
      "@id": "http://viaf.org/viaf/42727279",
      "collection": {
        "abbr": "VIAF",
        "name": "Virtual International Authority File (VIAF)",
        "publisher": "OCLC",
        "icon": "https://viaf.org/viaf/images/viaf.ico"
      }
    },
    {
      "@id": "http://www.wikidata.org/entity/Q3638836",
      "collection": {
        "abbr": "WIKIDATA",
        "name": "Wikidata",
        "publisher": "Wikimedia Foundation Inc.",
        "icon": "https://www.wikidata.org/static/favicon/wikidata.ico"
      }
    },
    {
      "@id": "https://isni.org/isni/0000000083770852",
      "collection": {
        "abbr": "ISNI",
        "name": "International Standard Name Identifier (ISNI)",
        "publisher": "International Standard Name Identifier (ISNI)",
        "icon": "https://www.isni.org/sites/default/files/isni_new_favicon.ico"
      }
    }
  ]
}