{
  "@context": "http://hub.culturegraph.org/entityfacts/context/v1/entityfacts.jsonld",
  "@id": "https://d-nb.info/gnd/122498348",
  "describedBy": {
    "valid": "2026-04-29T03:22:08Z",
    "license": "https://creativecommons.org/publicdomain/zero/1.0/",
    "@id": "https://hub.culturegraph.org/entityfacts/122498348"
  },
  "preferredName": "Markus Sittikus, Konstanz, Bischof",
  "surname": "Markus Sittikus, Konstanz, Bischof",
  "@type": "person",
  "variantName": [
    "Marx Sittich von Hohenems",
    "Markus Sittikus III., von Hohenems",
    "Marcus Sitticus III., von Hohenems",
    "Marcus Sitticus, von Hohenems",
    "Marx Sittich III., von Hohenems",
    "Marcus Sittich, Konstanz, Bischof",
    "Marcus Sitticus, Konstanz, Bischof",
    "Marx Sittich, Konstanz, Bischof",
    "Marx Sittich von Hohenembs",
    "Marcus Sitticus von Hohenembs",
    "Markus Sittikus von Hohenembs",
    "Marcus Sitticus von Hohenems",
    "Markus Sittikus von Hohenems",
    "Marco Sittico Altemps",
    "Mark Sittich von Hohenems",
    "Mark Sittich Von Hohenems",
    "Marco Sittico Altemps",
    "Marco Sittico Altemps",
    "Marcus Siticus",
    "Marcus Sitticus",
    "Mark Sittich",
    "Markus Sittikus",
    "Mark Sittich",
    "Markus Sittikus, Bischof von Konstanz",
    "Marx Sittich, Bischof von Konstanz",
    "Marcus Sitticus von Hohenems III, Bischof von Konstanz",
    "Marx Sittich von Hohenems, Bischof von Konstanz"
  ],
  "dateOfBirth": "August 19, 1533",
  "dateOfDeath": "February 15, 1595",
  "placeOfBirth": [
    {
      "@id": "https://d-nb.info/gnd/4095508-4",
      "preferredName": "Hohenems"
    }
  ],
  "placeOfDeath": [
    {
      "@id": "https://d-nb.info/gnd/4050471-2",
      "preferredName": "Rom"
    }
  ],
  "associatedCountry": [
    {
      "@id": "https://d-nb.info/standards/vocab/gnd/geographic-area-code#XA-AT",
      "preferredName": "\u00d6sterreich"
    }
  ],
  "professionOrOccupation": [
    {
      "@id": "https://d-nb.info/gnd/4163313-1",
      "preferredName": "Kardinal"
    },
    {
      "@id": "https://d-nb.info/gnd/4006949-7",
      "preferredName": "Bischof"
    }
  ],
  "gender": {
    "@id": "https://d-nb.info/standards/vocab/gnd/gender#male",
    "label": "Mann"
  },
  "biographicalOrHistoricalInformation": "Graf von Hohenems, Kardinal 1561, Bischof von Konstanz",
  "relatedPerson": [
    {
      "@id": "https://d-nb.info/gnd/118518836",
      "relationship": "VD-16 Mitverf.",
      "preferredName": "Petrus Canisius"
    }
  ],
  "depiction": {
    "@id": "https://commons.wikimedia.org/wiki/Special:FilePath/Anthony%20Bays%20Hohenemser%20Festtafel%201578%20Markus%20Sittikus.jpg",
    "publisher": "Wikimedia Commons",
    "copyrighted": "false",
    "creator": [
      "Anton Boys"
    ],
    "creditText": [
      "scan from Die Bisch\u00f6fe von Konstanz, ISBN&nbsp;3-922137-48-2"
    ],
    "license": [
      {
        "@id": "https://creativecommons.org/publicdomain/mark/1.0/",
        "abbr": "PD",
        "name": "Public Domain",
        "attributionRequired": "false",
        "restrictions": ""
      }
    ],
    "url": "https://commons.wikimedia.org/wiki/File:Anthony%20Bays%20Hohenemser%20Festtafel%201578%20Markus%20Sittikus.jpg?uselang=en",
    "thumbnail": {
      "@id": "https://commons.wikimedia.org/wiki/Special:FilePath/Anthony%20Bays%20Hohenemser%20Festtafel%201578%20Markus%20Sittikus.jpg?width=270"
    }
  },
  "sameAs": [
    {
      "@id": "https://d-nb.info/gnd/122498348/about",
      "collection": {
        "abbr": "DNB",
        "name": "Gemeinsame Normdatei (GND) im Katalog der Deutschen Nationalbibliothek",
        "publisher": "Deutsche Nationalbibliothek",
        "icon": "https://www.dnb.de/SiteGlobals/Frontend/DNBWeb/Images/favicon.png?__blob=normal&v=4"
      }
    },
    {
      "@id": "http://catalogue.bnf.fr/ark:/12148/cb14422256g",
      "collection": {
        "abbr": "BNF",
        "name": "Bibliothe\u0300que nationale de France",
        "publisher": "Bibliothe\u0300que nationale de France",
        "icon": "https://www.bnf.fr/themes/custom/bnfsi/favicon.ico"
      }
    },
    {
      "@id": "http://www.hls-dhs-dss.ch/textes/d/D26330.php",
      "collection": {
        "abbr": "CH_HLS",
        "name": "Historisches Lexikon der Schweiz (HLS)",
        "publisher": "Historisches Lexikon der Schweiz (HLS)",
        "icon": "https://www.hls-dhs-dss.ch/favicon.ico"
      }
    },
    {
      "@id": "https://de.wikipedia.org/wiki/Markus_Sittikus_von_Hohenems_%28Kardinal%29",
      "collection": {
        "abbr": "dewiki",
        "name": "Wikipedia (Deutsch)",
        "publisher": "Wikimedia Foundation Inc.",
        "icon": "https://de.wikipedia.org/static/favicon/wikipedia.ico"
      }
    },
    {
      "@id": "https://en.wikipedia.org/wiki/Mark_Sittich_von_Hohenems_Altemps",
      "collection": {
        "abbr": "enwiki",
        "name": "Wikipedia (English)",
        "publisher": "Wikimedia Foundation Inc.",
        "icon": "https://en.wikipedia.org/static/favicon/wikipedia.ico"
      }
    },
    {
      "@id": "https://kaiserhof.geschichte.lmu.de/Q/GND=122498348",
      "collection": {
        "abbr": "KH",
        "name": "Kaiser und H\u00f6fe",
        "publisher": "Ludwig-Maximilians-Universit\u00e4t M\u00fcnchen - Historisches Seminar - Fr\u00fche Neuzeit",
        "icon": "https://kaiserhof.geschichte.lmu.de/favicon.ico"
      }
    },
    {
      "@id": "https://www.archivportal-d.de/person/gnd/122498348",
      "collection": {
        "abbr": "ARCHIV-D",
        "name": "Archivportal-D",
        "publisher": "Deutsche Digitale Bibliothek",
        "icon": "https://www.archivportal-d.de/favicon.ico"
      }
    },
    {
      "@id": "https://www.deutsche-biographie.de/pnd122498348.html#adbcontent",
      "collection": {
        "abbr": "ADB",
        "name": "Allgemeine Deutsche Biographie (ADB)",
        "publisher": "Historische Kommission bei der Bayerischen Akademie der Wissenschaften und Bayerische Staatsbibliothek",
        "icon": "https://www.deutsche-biographie.de/favicon.ico"
      }
    },
    {
      "@id": "https://www.deutsche-biographie.de/pnd122498348.html#ndbcontent",
      "collection": {
        "abbr": "NDB",
        "name": "Neue Deutsche Biographie (NDB)",
        "publisher": "Historische Kommission bei der Bayerischen Akademie der Wissenschaften und Bayerische Staatsbibliothek",
        "icon": "https://www.deutsche-biographie.de/favicon.ico"
      }
    },
    {
      "@id": "https://www.deutsche-digitale-bibliothek.de/person/gnd/122498348",
      "collection": {
        "abbr": "DDB",
        "name": "Deutsche Digitale Bibliothek",
        "publisher": "Deutsche Digitale Bibliothek",
        "icon": "https://www.deutsche-digitale-bibliothek.de/favicon.ico"
      }
    },
    {
      "@id": "http://id.loc.gov/rwo/agents/nb2002062392",
      "collection": {
        "abbr": "LC",
        "name": "NACO Authority File",
        "publisher": "Library of Congress",
        "icon": "https://www.loc.gov/favicon.ico"
      }
    },
    {
      "@id": "http://viaf.org/viaf/34674025",
      "collection": {
        "abbr": "VIAF",
        "name": "Virtual International Authority File (VIAF)",
        "publisher": "OCLC",
        "icon": "https://viaf.org/viaf/images/viaf.ico"
      }
    },
    {
      "@id": "http://www.wikidata.org/entity/Q599397",
      "collection": {
        "abbr": "WIKIDATA",
        "name": "Wikidata",
        "publisher": "Wikimedia Foundation Inc.",
        "icon": "https://www.wikidata.org/static/favicon/wikidata.ico"
      }
    },
    {
      "@id": "https://isni.org/isni/0000000108141965",
      "collection": {
        "abbr": "ISNI",
        "name": "International Standard Name Identifier (ISNI)",
        "publisher": "International Standard Name Identifier (ISNI)",
        "icon": "https://www.isni.org/sites/default/files/isni_new_favicon.ico"
      }
    }
  ]
}