{
  "@context": "http://hub.culturegraph.org/entityfacts/context/v1/entityfacts.jsonld",
  "@id": "https://d-nb.info/gnd/121880737",
  "describedBy": {
    "valid": "2026-05-03T10:18:02Z",
    "license": "https://creativecommons.org/publicdomain/zero/1.0/",
    "@id": "https://hub.culturegraph.org/entityfacts/121880737"
  },
  "preferredName": "Alois, Liechtenstein, Erbprinz",
  "surname": "Alois, Liechtenstein, Erbprinz",
  "@type": "person",
  "variantName": [
    "Alois von und zu Liechtenstein"
  ],
  "dateOfBirth": "1968",
  "associatedCountry": [
    {
      "@id": "https://d-nb.info/standards/vocab/gnd/geographic-area-code#XA-LI",
      "preferredName": "Liechtenstein"
    }
  ],
  "professionOrOccupation": [
    {
      "@id": "https://d-nb.info/gnd/4046517-2",
      "preferredName": "Politiker"
    }
  ],
  "gender": {
    "@id": "https://d-nb.info/standards/vocab/gnd/gender#male",
    "label": "Mann"
  },
  "biographicalOrHistoricalInformation": "Liechtenstein. Politiker",
  "familialRelationship": [
    {
      "@id": "https://d-nb.info/gnd/119056496",
      "relationship": "Vater",
      "preferredName": "Hans Adam II., Liechtenstein, Fu\u0308rst"
    },
    {
      "@id": "https://d-nb.info/gnd/1160002282",
      "relationship": "Mutter",
      "preferredName": "Marie, Liechtenstein, Fu\u0308rstin"
    }
  ],
  "depiction": {
    "@id": "https://commons.wikimedia.org/wiki/Special:FilePath/Alois%20of%20Liechtenstein%20and%20Karin%20Kneissl%20November%202018%20%2845170115774%29%20%28cropped%29.jpg",
    "publisher": "Wikimedia Commons",
    "copyrighted": "true",
    "creator": [
      "Bundesministerium f\u00fcr Europa, Integration und \u00c4u\u00dferes"
    ],
    "creditText": [
      "Au\u00dfenministerin Karin Kneissl in Liechtenstein"
    ],
    "license": [
      {
        "@id": "https://creativecommons.org/licenses/by/2.0",
        "abbr": "CC BY 2.0",
        "name": "Creative Commons Attribution 2.0",
        "attributionRequired": "true",
        "restrictions": ""
      }
    ],
    "url": "https://commons.wikimedia.org/wiki/File:Alois%20of%20Liechtenstein%20and%20Karin%20Kneissl%20November%202018%20%2845170115774%29%20%28cropped%29.jpg?uselang=en",
    "thumbnail": {
      "@id": "https://commons.wikimedia.org/wiki/Special:FilePath/Alois%20of%20Liechtenstein%20and%20Karin%20Kneissl%20November%202018%20%2845170115774%29%20%28cropped%29.jpg?width=270"
    }
  },
  "sameAs": [
    {
      "@id": "https://d-nb.info/gnd/121880737/about",
      "collection": {
        "abbr": "DNB",
        "name": "Gemeinsame Normdatei (GND) im Katalog der Deutschen Nationalbibliothek",
        "publisher": "Deutsche Nationalbibliothek",
        "icon": "https://www.dnb.de/SiteGlobals/Frontend/DNBWeb/Images/favicon.png?__blob=normal&v=4"
      }
    },
    {
      "@id": "https://de.wikipedia.org/wiki/Alois_von_und_zu_Liechtenstein_%28Erbprinz%29",
      "collection": {
        "abbr": "dewiki",
        "name": "Wikipedia (Deutsch)",
        "publisher": "Wikimedia Foundation Inc.",
        "icon": "https://de.wikipedia.org/static/favicon/wikipedia.ico"
      }
    },
    {
      "@id": "https://en.wikipedia.org/wiki/Alois%2C_Hereditary_Prince_of_Liechtenstein",
      "collection": {
        "abbr": "enwiki",
        "name": "Wikipedia (English)",
        "publisher": "Wikimedia Foundation Inc.",
        "icon": "https://en.wikipedia.org/static/favicon/wikipedia.ico"
      }
    },
    {
      "@id": "https://kalliope-verbund.info/gnd/121880737",
      "collection": {
        "abbr": "DE-611",
        "name": "Kalliope Verbundkatalog",
        "publisher": "Staatsbibliothek zu Berlin - Preu\u00dfischer Kulturbesitz",
        "icon": "https://kalliope-verbund.info/img/favicon.ico"
      }
    },
    {
      "@id": "http://viaf.org/viaf/74720521",
      "collection": {
        "abbr": "VIAF",
        "name": "Virtual International Authority File (VIAF)",
        "publisher": "OCLC",
        "icon": "https://viaf.org/viaf/images/viaf.ico"
      }
    },
    {
      "@id": "http://www.wikidata.org/entity/Q311308",
      "collection": {
        "abbr": "WIKIDATA",
        "name": "Wikidata",
        "publisher": "Wikimedia Foundation Inc.",
        "icon": "https://www.wikidata.org/static/favicon/wikidata.ico"
      }
    }
  ]
}