{
  "@context": "http://hub.culturegraph.org/entityfacts/context/v1/entityfacts.jsonld",
  "@id": "https://d-nb.info/gnd/121877817",
  "describedBy": {
    "valid": "2026-04-27T01:51:21Z",
    "license": "https://creativecommons.org/publicdomain/zero/1.0/",
    "@id": "https://hub.culturegraph.org/entityfacts/121877817"
  },
  "preferredName": "David Herlitz",
  "surname": "Herlitz",
  "forename": "David",
  "@type": "person",
  "academicDegree": [
    "Magister"
  ],
  "variantName": [
    "Davides Herlicius",
    "David Herlitzius",
    "David Herlizius",
    "Dauid Herlitzen",
    "Davidus Herlicius",
    "David Herlicius"
  ],
  "dateOfBirth": "December 28, 1557",
  "dateOfDeath": "August 15, 1636",
  "placeOfBirth": [
    {
      "@id": "https://d-nb.info/gnd/4067525-7",
      "preferredName": "Zeitz"
    }
  ],
  "placeOfDeath": [
    {
      "@id": "https://d-nb.info/gnd/4361358-5",
      "preferredName": "Stargard"
    }
  ],
  "placeOfActivity": [
    {
      "@id": "https://d-nb.info/gnd/4103284-6",
      "preferredName": "Prenzlau"
    },
    {
      "@id": "https://d-nb.info/gnd/4002084-8",
      "preferredName": "Anklam"
    },
    {
      "@id": "https://d-nb.info/gnd/4036483-5",
      "preferredName": "Lu\u0308beck"
    },
    {
      "@id": "https://d-nb.info/gnd/4021965-3",
      "preferredName": "Greifswald"
    },
    {
      "@id": "https://d-nb.info/gnd/4105583-4",
      "preferredName": "Stargard in Pommern"
    }
  ],
  "associatedCountry": [
    {
      "@id": "https://d-nb.info/standards/vocab/gnd/geographic-area-code#XA-DE",
      "preferredName": "Deutschland"
    }
  ],
  "professionOrOccupation": [
    {
      "@id": "https://d-nb.info/gnd/4037945-0",
      "preferredName": "Mathematiker"
    },
    {
      "@id": "https://d-nb.info/gnd/4003310-7",
      "preferredName": "Astronom"
    },
    {
      "@id": "https://d-nb.info/gnd/4003157-3",
      "preferredName": "Arzt"
    },
    {
      "@id": "https://d-nb.info/gnd/4025243-7",
      "preferredName": "Hochschullehrer"
    }
  ],
  "gender": {
    "@id": "https://d-nb.info/standards/vocab/gnd/gender#male",
    "label": "Mann"
  },
  "biographicalOrHistoricalInformation": "Deutscher Astronom, Mediziner, Mathematiker, lateinischer Dichter, Kalenderschreiber; Professor der Mathematik an der Universita\u0308t Greifswald; Stadtphysikus in Prenzlau, Anklam, Lu\u0308beck und Stargard",
  "affiliation": [
    {
      "@id": "https://d-nb.info/gnd/1143162595",
      "preferredName": "Academia Gryphiswaldensis"
    }
  ],
  "relatedPerson": [
    {
      "@id": "https://d-nb.info/gnd/120224194",
      "relationship": "VD-16 Mitverf.",
      "preferredName": "Peter Clemens"
    },
    {
      "@id": "https://d-nb.info/gnd/119793415",
      "relationship": "VD-16 Mitverf.",
      "preferredName": "Eustachius Poyssel"
    },
    {
      "@id": "https://d-nb.info/gnd/120604027",
      "relationship": "VD-16 Mitverf.",
      "preferredName": "Martin Rheder"
    },
    {
      "@id": "https://d-nb.info/gnd/118575449",
      "relationship": "VD-16 Mitverf.",
      "preferredName": "Martin Luther"
    },
    {
      "@id": "https://d-nb.info/gnd/129388963",
      "relationship": "VD-16 Mitverf.",
      "preferredName": "Simon Wolder"
    },
    {
      "@id": "https://d-nb.info/gnd/119700220",
      "relationship": "VD-16 Mitverf.",
      "preferredName": "Michael Haslob"
    },
    {
      "@id": "https://d-nb.info/gnd/119026376",
      "relationship": "VD-16 Mitverf.",
      "preferredName": "Johannes Carion"
    },
    {
      "@id": "https://d-nb.info/gnd/119763699",
      "relationship": "VD-16 Mitverf.",
      "preferredName": "Joachim Mo\u0308ller, der Ju\u0308ngere"
    },
    {
      "relationship": "VD-16 Mitverf.",
      "preferredName": "Martin Brasch, der Ju\u0308ngere"
    },
    {
      "@id": "https://d-nb.info/gnd/121568415",
      "relationship": "VD-16 Mitverf.",
      "preferredName": "Martin Marstaller"
    }
  ],
  "familialRelationship": [
    {
      "@id": "https://d-nb.info/gnd/128946660",
      "relationship": "Bruder",
      "preferredName": "Elias Herlitz"
    },
    {
      "@id": "https://d-nb.info/gnd/12841720X",
      "relationship": "Bruder",
      "preferredName": "Andreas Herlitz"
    }
  ],
  "depiction": {
    "@id": "https://commons.wikimedia.org/wiki/Special:FilePath/DavidHerlitz.jpg",
    "publisher": "Wikimedia Commons",
    "copyrighted": "false",
    "creator": [
      "Unknown authorUnknown author"
    ],
    "creditText": [
      "Bildarchiv Austria"
    ],
    "license": [
      {
        "@id": "https://creativecommons.org/publicdomain/mark/1.0/",
        "abbr": "PD",
        "name": "Public Domain",
        "attributionRequired": "false",
        "restrictions": ""
      }
    ],
    "url": "https://commons.wikimedia.org/wiki/File:DavidHerlitz.jpg?uselang=en",
    "thumbnail": {
      "@id": "https://commons.wikimedia.org/wiki/Special:FilePath/DavidHerlitz.jpg?width=270"
    }
  },
  "sameAs": [
    {
      "@id": "https://d-nb.info/gnd/121877817/about",
      "collection": {
        "abbr": "DNB",
        "name": "Gemeinsame Normdatei (GND) im Katalog der Deutschen Nationalbibliothek",
        "publisher": "Deutsche Nationalbibliothek",
        "icon": "https://www.dnb.de/SiteGlobals/Frontend/DNBWeb/Images/favicon.png?__blob=normal&v=4"
      }
    },
    {
      "@id": "https://de.wikipedia.org/wiki/David_Herlitz",
      "collection": {
        "abbr": "dewiki",
        "name": "Wikipedia (Deutsch)",
        "publisher": "Wikimedia Foundation Inc.",
        "icon": "https://de.wikipedia.org/static/favicon/wikipedia.ico"
      }
    },
    {
      "@id": "https://raa.gf-franken.de/de/suche-nach-stammbucheintraegen.html?permaLink=1604_olai;45",
      "collection": {
        "abbr": "RAAE",
        "name": "Repertorium Alborum Amicorum (RAA) - Stammbucheintr\u00e4ge",
        "publisher": "Department Germanistik und Komparatistik der Friedrich-Alexander-Universit\u00e4t Erlangen-N\u00fcrnberg in Zusammenarbeit mit der Gesellschaft f\u00fcr Familienforschung in Franken",
        "icon": "https://www.gf-franken.de/favicon.ico"
      }
    },
    {
      "@id": "https://www.deutsche-biographie.de/pnd121877817.html#adbcontent",
      "collection": {
        "abbr": "ADB",
        "name": "Allgemeine Deutsche Biographie (ADB)",
        "publisher": "Historische Kommission bei der Bayerischen Akademie der Wissenschaften und Bayerische Staatsbibliothek",
        "icon": "https://www.deutsche-biographie.de/favicon.ico"
      }
    },
    {
      "@id": "https://www.deutsche-digitale-bibliothek.de/person/gnd/121877817",
      "collection": {
        "abbr": "DDB",
        "name": "Deutsche Digitale Bibliothek",
        "publisher": "Deutsche Digitale Bibliothek",
        "icon": "https://www.deutsche-digitale-bibliothek.de/favicon.ico"
      }
    },
    {
      "@id": "https://www.portraitindex.de/dokumente/pnd/121877817",
      "collection": {
        "abbr": "Portraitindex",
        "name": "Digitaler Portraitindex der druckgraphischen Bildnisse der Fru\u0308hen Neuzeit",
        "publisher": "Deutsches Dokumentationszentrum fu\u0308r Kunstgeschichte - Bildarchiv Foto Marburg",
        "icon": "https://www.portraitindex.de/favicon.ico"
      }
    },
    {
      "@id": "http://id.loc.gov/rwo/agents/n88038921",
      "collection": {
        "abbr": "LC",
        "name": "NACO Authority File",
        "publisher": "Library of Congress",
        "icon": "https://www.loc.gov/favicon.ico"
      }
    },
    {
      "@id": "http://viaf.org/viaf/42705421",
      "collection": {
        "abbr": "VIAF",
        "name": "Virtual International Authority File (VIAF)",
        "publisher": "OCLC",
        "icon": "https://viaf.org/viaf/images/viaf.ico"
      }
    },
    {
      "@id": "http://www.wikidata.org/entity/Q1174719",
      "collection": {
        "abbr": "WIKIDATA",
        "name": "Wikidata",
        "publisher": "Wikimedia Foundation Inc.",
        "icon": "https://www.wikidata.org/static/favicon/wikidata.ico"
      }
    },
    {
      "@id": "https://isni.org/isni/0000000108923115",
      "collection": {
        "abbr": "ISNI",
        "name": "International Standard Name Identifier (ISNI)",
        "publisher": "International Standard Name Identifier (ISNI)",
        "icon": "https://www.isni.org/sites/default/files/isni_new_favicon.ico"
      }
    }
  ]
}