{
  "@context": "http://hub.culturegraph.org/entityfacts/context/v1/entityfacts.jsonld",
  "@id": "https://d-nb.info/gnd/121741915",
  "describedBy": {
    "valid": "2026-04-27T03:45:51Z",
    "license": "https://creativecommons.org/publicdomain/zero/1.0/",
    "@id": "https://hub.culturegraph.org/entityfacts/121741915"
  },
  "preferredName": "David Ulrich",
  "surname": "Ulrich",
  "forename": "David",
  "@type": "person",
  "variantName": [
    "David Ulrich Cranach",
    "David Ulrich von Cranach"
  ],
  "dateOfBirth": "March 24, 1561",
  "dateOfDeath": "June 7, 1626",
  "placeOfBirth": [
    {
      "@id": "https://d-nb.info/gnd/4067663-8",
      "preferredName": "Zerbst/Anhalt"
    }
  ],
  "placeOfDeath": [
    {
      "@id": "https://d-nb.info/gnd/4067663-8",
      "preferredName": "Zerbst/Anhalt"
    }
  ],
  "placeOfActivity": [
    {
      "@id": "https://d-nb.info/gnd/4056179-3",
      "preferredName": "Speyer"
    },
    {
      "@id": "https://d-nb.info/gnd/4067663-8",
      "preferredName": "Zerbst/Anhalt"
    }
  ],
  "associatedCountry": [
    {
      "@id": "https://d-nb.info/standards/vocab/gnd/geographic-area-code#XA-DE",
      "preferredName": "Deutschland"
    }
  ],
  "professionOrOccupation": [
    {
      "@id": "https://d-nb.info/gnd/4029050-5",
      "preferredName": "Jurist"
    },
    {
      "@id": "https://d-nb.info/gnd/4042660-9",
      "preferredName": "Notar"
    }
  ],
  "familialRelationship": [
    {
      "@id": "https://d-nb.info/gnd/11952810X",
      "relationship": "Vater",
      "preferredName": "Abraham Ulrich"
    },
    {
      "@id": "https://d-nb.info/gnd/121285758",
      "relationship": "Bruder",
      "preferredName": "Elias Ulrich"
    }
  ],
  "sameAs": [
    {
      "@id": "https://d-nb.info/gnd/121741915/about",
      "collection": {
        "abbr": "DNB",
        "name": "Gemeinsame Normdatei (GND) im Katalog der Deutschen Nationalbibliothek",
        "publisher": "Deutsche Nationalbibliothek",
        "icon": "https://www.dnb.de/SiteGlobals/Frontend/DNBWeb/Images/favicon.png?__blob=normal&v=4"
      }
    },
    {
      "@id": "https://raa.gf-franken.de/de/suche-nach-stammbuechern.html?permaLink=1549_ulrich",
      "collection": {
        "abbr": "RAAS",
        "name": "Repertorium Alborum Amicorum (RAA) - Stammb\u00fccher",
        "publisher": "Department Germanistik und Komparatistik der Friedrich-Alexander-Universit\u00e4t Erlangen-N\u00fcrnberg in Zusammenarbeit mit der Gesellschaft f\u00fcr Familienforschung in Franken",
        "icon": "https://www.gf-franken.de/favicon.ico"
      }
    },
    {
      "@id": "http://id.loc.gov/rwo/agents/nb99158732",
      "collection": {
        "abbr": "LC",
        "name": "NACO Authority File",
        "publisher": "Library of Congress",
        "icon": "https://www.loc.gov/favicon.ico"
      }
    },
    {
      "@id": "http://viaf.org/viaf/3335500",
      "collection": {
        "abbr": "VIAF",
        "name": "Virtual International Authority File (VIAF)",
        "publisher": "OCLC",
        "icon": "https://viaf.org/viaf/images/viaf.ico"
      }
    },
    {
      "@id": "https://isni.org/isni/0000000042470220",
      "collection": {
        "abbr": "ISNI",
        "name": "International Standard Name Identifier (ISNI)",
        "publisher": "International Standard Name Identifier (ISNI)",
        "icon": "https://www.isni.org/sites/default/files/isni_new_favicon.ico"
      }
    }
  ]
}