{
  "@context": "http://hub.culturegraph.org/entityfacts/context/v1/entityfacts.jsonld",
  "@id": "https://d-nb.info/gnd/121740064",
  "describedBy": {
    "valid": "2026-05-02T05:57:10Z",
    "license": "https://creativecommons.org/publicdomain/zero/1.0/",
    "@id": "https://hub.culturegraph.org/entityfacts/121740064"
  },
  "preferredName": "Christoph Schrader",
  "surname": "Schrader",
  "forename": "Christoph",
  "@type": "person",
  "academicDegree": [
    "Dr. theol."
  ],
  "variantName": [
    "Christophorus Schraderus",
    "Christoph Schraderus",
    "Christoph Schreiter"
  ],
  "dateOfBirth": "July 8, 1642",
  "dateOfDeath": "January 9, 1709",
  "placeOfBirth": [
    {
      "@id": "https://d-nb.info/gnd/4023025-9",
      "preferredName": "Halle (Saale)"
    }
  ],
  "placeOfDeath": [
    {
      "@id": "https://d-nb.info/gnd/4012995-0",
      "preferredName": "Dresden"
    }
  ],
  "placeOfActivity": [
    {
      "@id": "https://d-nb.info/gnd/4035206-7",
      "preferredName": "Leipzig"
    },
    {
      "@id": "https://d-nb.info/gnd/4057878-1",
      "preferredName": "Stra\u00dfburg"
    },
    {
      "@id": "https://d-nb.info/gnd/4023025-9",
      "preferredName": "Halle (Saale)"
    },
    {
      "@id": "https://d-nb.info/gnd/4012995-0",
      "preferredName": "Dresden"
    }
  ],
  "associatedCountry": [
    {
      "@id": "https://d-nb.info/standards/vocab/gnd/geographic-area-code#XA-DE",
      "preferredName": "Deutschland"
    }
  ],
  "professionOrOccupation": [
    {
      "@id": "https://d-nb.info/gnd/4015882-2",
      "preferredName": "Evangelischer Theologe"
    },
    {
      "@id": "https://d-nb.info/gnd/4132592-8",
      "preferredName": "Pfarrer"
    },
    {
      "@id": "https://d-nb.info/gnd/4210801-9",
      "preferredName": "Hofprediger"
    },
    {
      "@id": "https://d-nb.info/gnd/4184110-4",
      "preferredName": "Superintendent"
    },
    {
      "@id": "https://d-nb.info/gnd/4025243-7",
      "preferredName": "Hochschullehrer"
    }
  ],
  "gender": {
    "@id": "https://d-nb.info/standards/vocab/gnd/gender#male",
    "label": "Mann"
  },
  "biographicalOrHistoricalInformation": "Evangelisch-lutherischer Theologe, Gegner des Pietismus; Schu\u0308ler am Gymnasium in Halle (Saale); 1662 in Leipzig imm., 1666 Magister; 1692 Dr. theol. in Wittenberg; 1666 Privatdozent an der Univ. Leipzig und 1669 in Stra\u00dfburg; 1673-1674 Subtitut des erzbischo\u0308fl.-magdeburgischen Hofpredigers am Dom in Halle, 1674-1692 erzbischo\u0308fl.-magdeburgischer Hofprediger, 1680 Prof. theol. und 1681 Konsistorialrat in Halle; 1692-1709 Pfarrer an der Kreuzkirche sowie Superintendent und Oberkonsistorialrat in Dresden",
  "familialRelationship": [
    {
      "relationship": "Vater, Kanzleisekreta\u0308r",
      "preferredName": "Hermann Schrader"
    },
    {
      "@id": "https://d-nb.info/gnd/141084405",
      "relationship": "Sohn",
      "preferredName": "Christoph Schrader"
    }
  ],
  "sameAs": [
    {
      "@id": "https://d-nb.info/gnd/121740064/about",
      "collection": {
        "abbr": "DNB",
        "name": "Gemeinsame Normdatei (GND) im Katalog der Deutschen Nationalbibliothek",
        "publisher": "Deutsche Nationalbibliothek",
        "icon": "https://www.dnb.de/SiteGlobals/Frontend/DNBWeb/Images/favicon.png?__blob=normal&v=4"
      }
    },
    {
      "@id": "https://kalliope-verbund.info/gnd/121740064",
      "collection": {
        "abbr": "DE-611",
        "name": "Kalliope Verbundkatalog",
        "publisher": "Staatsbibliothek zu Berlin - Preu\u00dfischer Kulturbesitz",
        "icon": "https://kalliope-verbund.info/img/favicon.ico"
      }
    },
    {
      "@id": "https://raa.gf-franken.de/de/suche-nach-stammbucheintraegen.html?permaLink=1652_benz;255",
      "collection": {
        "abbr": "RAAE",
        "name": "Repertorium Alborum Amicorum (RAA) - Stammbucheintr\u00e4ge",
        "publisher": "Department Germanistik und Komparatistik der Friedrich-Alexander-Universit\u00e4t Erlangen-N\u00fcrnberg in Zusammenarbeit mit der Gesellschaft f\u00fcr Familienforschung in Franken",
        "icon": "https://www.gf-franken.de/favicon.ico"
      }
    },
    {
      "@id": "https://www.deutsche-digitale-bibliothek.de/person/gnd/121740064",
      "collection": {
        "abbr": "DDB",
        "name": "Deutsche Digitale Bibliothek",
        "publisher": "Deutsche Digitale Bibliothek",
        "icon": "https://www.deutsche-digitale-bibliothek.de/favicon.ico"
      }
    },
    {
      "@id": "https://www.lagis-hessen.de/pnd/121740064",
      "collection": {
        "abbr": "LAGIS",
        "name": "Hessische Biografie",
        "publisher": "Hessisches Landesamt fu\u0308r geschichtliche Landeskunde",
        "icon": "https://www.lagis-hessen.de/favicon.ico"
      }
    },
    {
      "@id": "https://www.portraitindex.de/dokumente/pnd/121740064",
      "collection": {
        "abbr": "Portraitindex",
        "name": "Digitaler Portraitindex der druckgraphischen Bildnisse der Fru\u0308hen Neuzeit",
        "publisher": "Deutsches Dokumentationszentrum fu\u0308r Kunstgeschichte - Bildarchiv Foto Marburg",
        "icon": "https://www.portraitindex.de/favicon.ico"
      }
    },
    {
      "@id": "http://viaf.org/viaf/59947696",
      "collection": {
        "abbr": "VIAF",
        "name": "Virtual International Authority File (VIAF)",
        "publisher": "OCLC",
        "icon": "https://viaf.org/viaf/images/viaf.ico"
      }
    },
    {
      "@id": "http://www.wikidata.org/entity/Q94940905",
      "collection": {
        "abbr": "WIKIDATA",
        "name": "Wikidata",
        "publisher": "Wikimedia Foundation Inc.",
        "icon": "https://www.wikidata.org/static/favicon/wikidata.ico"
      }
    },
    {
      "@id": "https://isni.org/isni/0000000012439871",
      "collection": {
        "abbr": "ISNI",
        "name": "International Standard Name Identifier (ISNI)",
        "publisher": "International Standard Name Identifier (ISNI)",
        "icon": "https://www.isni.org/sites/default/files/isni_new_favicon.ico"
      }
    }
  ]
}