{
  "@context": "http://hub.culturegraph.org/entityfacts/context/v1/entityfacts.jsonld",
  "@id": "https://d-nb.info/gnd/121123731",
  "describedBy": {
    "valid": "2026-04-29T09:48:57Z",
    "license": "https://creativecommons.org/publicdomain/zero/1.0/",
    "@id": "https://hub.culturegraph.org/entityfacts/121123731"
  },
  "preferredName": "Maria Eleonora, Preu\u00dfen, Herzogin",
  "surname": "Maria Eleonora, Preu\u00dfen, Herzogin",
  "@type": "person",
  "earlierName": [
    "Maria Eleonora, Ju\u0308lich-Kleve-Berg, Herzogin"
  ],
  "variantName": [
    "Maria Eleonora, Brandenburg, Markgra\u0308fin",
    "Marie Eleonore, Brandenburg, Markgra\u0308fin",
    "Maria Eleonore, Preu\u00dfen, Herzogin",
    "Marie Eleonora, Preu\u00dfen, Herzogin",
    "Marie Eleonore, Preu\u00dfen, Herzogin",
    "Maria Leonora, Preu\u00dfen, Herzogin",
    "Maria Leonora, Brandenburg, Markgra\u0308fin",
    "Maria Eleonore, Ju\u0308lich-Kleve-Berg, Herzogin",
    "Maria Leonora, Ju\u0308lich-Kleve-Berg, Herzogin"
  ],
  "dateOfBirth": "July 15, 1550",
  "dateOfDeath": "May 23, 1608",
  "placeOfBirth": [
    {
      "@id": "https://d-nb.info/gnd/4031156-9",
      "preferredName": "Kleve (Kreis Kleve)"
    }
  ],
  "placeOfDeath": [
    {
      "@id": "https://d-nb.info/gnd/4031541-1",
      "preferredName": "Ko\u0308nigsberg"
    }
  ],
  "associatedCountry": [
    {
      "@id": "https://d-nb.info/standards/vocab/gnd/geographic-area-code#XA-DE",
      "preferredName": "Deutschland"
    }
  ],
  "gender": {
    "@id": "https://d-nb.info/standards/vocab/gnd/gender#female",
    "label": "Frau"
  },
  "relatedPerson": [
    {
      "relationship": "VD-16 Mitverf.",
      "preferredName": "Konrad Schlu\u0308sselburg"
    },
    {
      "@id": "https://d-nb.info/gnd/115639837",
      "relationship": "VD-16 Mitverf.",
      "preferredName": "Heinrich Berndes"
    },
    {
      "@id": "https://d-nb.info/gnd/118518534",
      "relationship": "VD-16 Mitverf.",
      "preferredName": "Jean Calvin"
    },
    {
      "relationship": "Administrator zu Ratzeburg; VD-16 Mitverf.",
      "preferredName": "Christoph von Mecklenburg, Administrator zu Ratzeburg"
    },
    {
      "@id": "https://d-nb.info/gnd/119782251",
      "relationship": "VD-16 Mitverf.",
      "preferredName": "Johannes von Wismar Pauli"
    },
    {
      "@id": "https://d-nb.info/gnd/119835738",
      "relationship": "VD-16 Mitverf.",
      "preferredName": "Alphonsus de Spina"
    },
    {
      "relationship": "VD-16 Mitverf.",
      "preferredName": "Johannes Stigel"
    },
    {
      "relationship": "Mansfeld; VD-16 Mitverf.",
      "preferredName": "Johannes Wigand"
    }
  ],
  "familialRelationship": [
    {
      "@id": "https://d-nb.info/gnd/119258447",
      "relationship": "Gemahl",
      "preferredName": "Albrecht Friedrich, Preu\u00dfen, Herzog"
    },
    {
      "@id": "https://d-nb.info/gnd/104182636",
      "relationship": "Tochter",
      "preferredName": "Eleonore, Brandenburg, Kurfu\u0308rstin"
    }
  ],
  "depiction": {
    "@id": "https://commons.wikimedia.org/wiki/Special:FilePath/Marie%20Eleonore%20von%20J%C3%BClich-Kleve-Berg%20%281550-1608%29%2C%20Herzogin%20von%20Preu%C3%9Fen%20c.1600.jpg",
    "publisher": "Wikimedia Commons",
    "copyrighted": "false",
    "creator": [
      "Unidentified painter"
    ],
    "creditText": [
      "https://www.pinterest.com"
    ],
    "license": [
      {
        "@id": "https://creativecommons.org/publicdomain/mark/1.0/",
        "abbr": "PD",
        "name": "Public Domain",
        "attributionRequired": "false",
        "restrictions": ""
      }
    ],
    "url": "https://commons.wikimedia.org/wiki/File:Marie%20Eleonore%20von%20J%C3%BClich-Kleve-Berg%20%281550-1608%29%2C%20Herzogin%20von%20Preu%C3%9Fen%20c.1600.jpg?uselang=en",
    "thumbnail": {
      "@id": "https://commons.wikimedia.org/wiki/Special:FilePath/Marie%20Eleonore%20von%20J%C3%BClich-Kleve-Berg%20%281550-1608%29%2C%20Herzogin%20von%20Preu%C3%9Fen%20c.1600.jpg?width=270"
    }
  },
  "sameAs": [
    {
      "@id": "https://d-nb.info/gnd/121123731/about",
      "collection": {
        "abbr": "DNB",
        "name": "Gemeinsame Normdatei (GND) im Katalog der Deutschen Nationalbibliothek",
        "publisher": "Deutsche Nationalbibliothek",
        "icon": "https://www.dnb.de/SiteGlobals/Frontend/DNBWeb/Images/favicon.png?__blob=normal&v=4"
      }
    },
    {
      "@id": "https://de.wikipedia.org/wiki/Marie_Eleonore_von_J%C3%BClich-Kleve-Berg",
      "collection": {
        "abbr": "dewiki",
        "name": "Wikipedia (Deutsch)",
        "publisher": "Wikimedia Foundation Inc.",
        "icon": "https://de.wikipedia.org/static/favicon/wikipedia.ico"
      }
    },
    {
      "@id": "https://en.wikipedia.org/wiki/Marie_Eleonore_of_Cleves",
      "collection": {
        "abbr": "enwiki",
        "name": "Wikipedia (English)",
        "publisher": "Wikimedia Foundation Inc.",
        "icon": "https://en.wikipedia.org/static/favicon/wikipedia.ico"
      }
    },
    {
      "@id": "https://kaiserhof.geschichte.lmu.de/Q/GND=121123731",
      "collection": {
        "abbr": "KH",
        "name": "Kaiser und H\u00f6fe",
        "publisher": "Ludwig-Maximilians-Universit\u00e4t M\u00fcnchen - Historisches Seminar - Fr\u00fche Neuzeit",
        "icon": "https://kaiserhof.geschichte.lmu.de/favicon.ico"
      }
    },
    {
      "@id": "https://kalliope-verbund.info/gnd/121123731",
      "collection": {
        "abbr": "DE-611",
        "name": "Kalliope Verbundkatalog",
        "publisher": "Staatsbibliothek zu Berlin - Preu\u00dfischer Kulturbesitz",
        "icon": "https://kalliope-verbund.info/img/favicon.ico"
      }
    },
    {
      "@id": "https://www.deutsche-biographie.de/pnd121123731.html#ndbcontent",
      "collection": {
        "abbr": "NDB",
        "name": "Neue Deutsche Biographie (NDB)",
        "publisher": "Historische Kommission bei der Bayerischen Akademie der Wissenschaften und Bayerische Staatsbibliothek",
        "icon": "https://www.deutsche-biographie.de/favicon.ico"
      }
    },
    {
      "@id": "https://www.deutsche-digitale-bibliothek.de/person/gnd/121123731",
      "collection": {
        "abbr": "DDB",
        "name": "Deutsche Digitale Bibliothek",
        "publisher": "Deutsche Digitale Bibliothek",
        "icon": "https://www.deutsche-digitale-bibliothek.de/favicon.ico"
      }
    },
    {
      "@id": "https://www.portraitindex.de/dokumente/pnd/121123731",
      "collection": {
        "abbr": "Portraitindex",
        "name": "Digitaler Portraitindex der druckgraphischen Bildnisse der Fru\u0308hen Neuzeit",
        "publisher": "Deutsches Dokumentationszentrum fu\u0308r Kunstgeschichte - Bildarchiv Foto Marburg",
        "icon": "https://www.portraitindex.de/favicon.ico"
      }
    },
    {
      "@id": "http://viaf.org/viaf/59932660",
      "collection": {
        "abbr": "VIAF",
        "name": "Virtual International Authority File (VIAF)",
        "publisher": "OCLC",
        "icon": "https://viaf.org/viaf/images/viaf.ico"
      }
    },
    {
      "@id": "http://www.wikidata.org/entity/Q432727",
      "collection": {
        "abbr": "WIKIDATA",
        "name": "Wikidata",
        "publisher": "Wikimedia Foundation Inc.",
        "icon": "https://www.wikidata.org/static/favicon/wikidata.ico"
      }
    },
    {
      "@id": "https://isni.org/isni/0000000109778546",
      "collection": {
        "abbr": "ISNI",
        "name": "International Standard Name Identifier (ISNI)",
        "publisher": "International Standard Name Identifier (ISNI)",
        "icon": "https://www.isni.org/sites/default/files/isni_new_favicon.ico"
      }
    }
  ]
}