{
  "@context": "http://hub.culturegraph.org/entityfacts/context/v1/entityfacts.jsonld",
  "@id": "https://d-nb.info/gnd/120754479",
  "describedBy": {
    "valid": "2026-04-27T18:34:01Z",
    "license": "https://creativecommons.org/publicdomain/zero/1.0/",
    "@id": "https://hub.culturegraph.org/entityfacts/120754479"
  },
  "preferredName": "Aegidius Strauch",
  "surname": "Strauch",
  "forename": "Aegidius",
  "@type": "person",
  "academicDegree": [
    "Dr. theol."
  ],
  "variantName": [
    "Aegidius Strauch, I.",
    "Aegidius Strauch, der A\u0308ltere",
    "A\u0308gidius Strauch",
    "Egidius Strauch",
    "Aegidius Strauchius",
    "Strauch-Leovitius"
  ],
  "dateOfBirth": "June 23, 1583",
  "dateOfDeath": "January 22, 1657",
  "placeOfBirth": [
    {
      "@id": "https://d-nb.info/gnd/4066640-2",
      "preferredName": "Wittenberg"
    }
  ],
  "placeOfDeath": [
    {
      "@id": "https://d-nb.info/gnd/4012995-0",
      "preferredName": "Dresden"
    }
  ],
  "associatedCountry": [
    {
      "@id": "https://d-nb.info/standards/vocab/gnd/geographic-area-code#XA-DE",
      "preferredName": "Deutschland"
    }
  ],
  "professionOrOccupation": [
    {
      "@id": "https://d-nb.info/gnd/4132592-8",
      "preferredName": "Pfarrer"
    },
    {
      "@id": "https://d-nb.info/gnd/4184110-4",
      "preferredName": "Superintendent"
    }
  ],
  "gender": {
    "@id": "https://d-nb.info/standards/vocab/gnd/gender#male",
    "label": "Mann"
  },
  "biographicalOrHistoricalInformation": "Dt. ev. Theologe; Student und Dozent in Wittenberg, 1602 Magister; 1610 Dr. theol. und Superintendent in Oschatz, 1611 in Delitzsch, 1614 in Merseburg; 1616 Oberkonsistorialrat und Superintendent in Dresden",
  "relatedPerson": [
    {
      "relationship": "VD-16 Mitverf",
      "preferredName": "Johannes Philipp Vollock"
    },
    {
      "@id": "https://d-nb.info/gnd/119687798",
      "relationship": "VD-16 Mitverf",
      "preferredName": "Jakob Gnan"
    },
    {
      "@id": "https://d-nb.info/gnd/124521630",
      "relationship": "VD-16 Mitverf",
      "preferredName": "Johann Georg Hochstater"
    },
    {
      "@id": "https://d-nb.info/gnd/119735504",
      "relationship": "VD-16 Mitverf",
      "preferredName": "Friedrich Kuenlin"
    },
    {
      "@id": "https://d-nb.info/gnd/11975620X",
      "relationship": "VD-16 Mitverf",
      "preferredName": "Hieronymus Maurer"
    },
    {
      "@id": "https://d-nb.info/gnd/119808595",
      "relationship": "VD-16 Mitverf",
      "preferredName": "Johann Baptist Rohrbach"
    },
    {
      "@id": "https://d-nb.info/gnd/119848775",
      "relationship": "VD-16 Mitverf",
      "preferredName": "Nicolaus Thomas"
    },
    {
      "@id": "https://d-nb.info/gnd/119854112",
      "relationship": "VD-16 Mitverf",
      "preferredName": "Wolfgang Ulbeck"
    }
  ],
  "familialRelationship": [
    {
      "@id": "https://d-nb.info/gnd/135757274",
      "relationship": "Mutter",
      "preferredName": "Gertraud Strauch"
    },
    {
      "@id": "https://d-nb.info/gnd/120272520",
      "relationship": "Bruder",
      "preferredName": "Johann Strauch"
    },
    {
      "@id": "https://d-nb.info/gnd/120210576",
      "relationship": "Schwester",
      "preferredName": "Anna Marcellus"
    },
    {
      "@id": "https://d-nb.info/gnd/124798225",
      "relationship": "Sohn",
      "preferredName": "Augustin Strauch"
    },
    {
      "@id": "https://d-nb.info/gnd/1055624112",
      "relationship": "Sohn",
      "preferredName": "Aegidius Strauch"
    },
    {
      "@id": "https://d-nb.info/gnd/121253775",
      "relationship": "Sohn",
      "preferredName": "Johann Strauch"
    },
    {
      "@id": "https://d-nb.info/gnd/120213761",
      "relationship": "Sohn",
      "preferredName": "Samuel Strauch"
    },
    {
      "@id": "https://d-nb.info/gnd/129714860",
      "relationship": "Sohn",
      "preferredName": "Christian Strauch"
    },
    {
      "@id": "https://d-nb.info/gnd/120608812",
      "relationship": "Tochter",
      "preferredName": "Euphrosyna Elisabeth Heinrici"
    },
    {
      "@id": "https://d-nb.info/gnd/121738450",
      "relationship": "Tochter",
      "preferredName": "Anna Barbara Schneider"
    }
  ],
  "depiction": {
    "@id": "https://commons.wikimedia.org/wiki/Special:FilePath/Aegidius--Strauch-I-01.jpg",
    "publisher": "Wikimedia Commons",
    "copyrighted": "false",
    "creator": [
      "Unknown authorUnknown author"
    ],
    "creditText": [
      "Christian Schlegel: Lebens-Beschreibung Hn. Aegidii Strauchens, Der Heil. Schrifft weitber\u00fchmten .... Dresden 1698; (Digitalisat)"
    ],
    "license": [
      {
        "@id": "https://creativecommons.org/publicdomain/mark/1.0/",
        "abbr": "PD",
        "name": "Public Domain",
        "attributionRequired": "false",
        "restrictions": ""
      }
    ],
    "url": "https://commons.wikimedia.org/wiki/File:Aegidius--Strauch-I-01.jpg?uselang=en",
    "thumbnail": {
      "@id": "https://commons.wikimedia.org/wiki/Special:FilePath/Aegidius--Strauch-I-01.jpg?width=270"
    }
  },
  "sameAs": [
    {
      "@id": "https://d-nb.info/gnd/120754479/about",
      "collection": {
        "abbr": "DNB",
        "name": "Gemeinsame Normdatei (GND) im Katalog der Deutschen Nationalbibliothek",
        "publisher": "Deutsche Nationalbibliothek",
        "icon": "https://www.dnb.de/SiteGlobals/Frontend/DNBWeb/Images/favicon.png?__blob=normal&v=4"
      }
    },
    {
      "@id": "https://de.wikipedia.org/wiki/Aegidius_Strauch_I.",
      "collection": {
        "abbr": "dewiki",
        "name": "Wikipedia (Deutsch)",
        "publisher": "Wikimedia Foundation Inc.",
        "icon": "https://de.wikipedia.org/static/favicon/wikipedia.ico"
      }
    },
    {
      "@id": "https://kalliope-verbund.info/gnd/120754479",
      "collection": {
        "abbr": "DE-611",
        "name": "Kalliope Verbundkatalog",
        "publisher": "Staatsbibliothek zu Berlin - Preu\u00dfischer Kulturbesitz",
        "icon": "https://kalliope-verbund.info/img/favicon.ico"
      }
    },
    {
      "@id": "https://raa.gf-franken.de/de/suche-nach-stammbucheintraegen.html?permaLink=1651_feldtner;41",
      "collection": {
        "abbr": "RAAE",
        "name": "Repertorium Alborum Amicorum (RAA) - Stammbucheintr\u00e4ge",
        "publisher": "Department Germanistik und Komparatistik der Friedrich-Alexander-Universit\u00e4t Erlangen-N\u00fcrnberg in Zusammenarbeit mit der Gesellschaft f\u00fcr Familienforschung in Franken",
        "icon": "https://www.gf-franken.de/favicon.ico"
      }
    },
    {
      "@id": "https://www.deutsche-digitale-bibliothek.de/person/gnd/120754479",
      "collection": {
        "abbr": "DDB",
        "name": "Deutsche Digitale Bibliothek",
        "publisher": "Deutsche Digitale Bibliothek",
        "icon": "https://www.deutsche-digitale-bibliothek.de/favicon.ico"
      }
    },
    {
      "@id": "https://www.portraitindex.de/dokumente/pnd/120754479",
      "collection": {
        "abbr": "Portraitindex",
        "name": "Digitaler Portraitindex der druckgraphischen Bildnisse der Fru\u0308hen Neuzeit",
        "publisher": "Deutsches Dokumentationszentrum fu\u0308r Kunstgeschichte - Bildarchiv Foto Marburg",
        "icon": "https://www.portraitindex.de/favicon.ico"
      }
    },
    {
      "@id": "http://viaf.org/viaf/25441793",
      "collection": {
        "abbr": "VIAF",
        "name": "Virtual International Authority File (VIAF)",
        "publisher": "OCLC",
        "icon": "https://viaf.org/viaf/images/viaf.ico"
      }
    },
    {
      "@id": "http://www.wikidata.org/entity/Q380644",
      "collection": {
        "abbr": "WIKIDATA",
        "name": "Wikidata",
        "publisher": "Wikimedia Foundation Inc.",
        "icon": "https://www.wikidata.org/static/favicon/wikidata.ico"
      }
    },
    {
      "@id": "https://isni.org/isni/0000000076941801",
      "collection": {
        "abbr": "ISNI",
        "name": "International Standard Name Identifier (ISNI)",
        "publisher": "International Standard Name Identifier (ISNI)",
        "icon": "https://www.isni.org/sites/default/files/isni_new_favicon.ico"
      }
    }
  ]
}