{
  "@context": "http://hub.culturegraph.org/entityfacts/context/v1/entityfacts.jsonld",
  "@id": "https://d-nb.info/gnd/120680300",
  "describedBy": {
    "valid": "2026-04-30T00:30:27Z",
    "license": "https://creativecommons.org/publicdomain/zero/1.0/",
    "@id": "https://hub.culturegraph.org/entityfacts/120680300"
  },
  "preferredName": "Georg Calaminus",
  "surname": "Calaminus",
  "forename": "Georg",
  "@type": "person",
  "variantName": [
    "Georg Roerich",
    "Georg Roenricht",
    "Georg Roenrich",
    "Georg Rorich",
    "Georgius Calaminus",
    "Georges Calaminus",
    "Georgius Galaminus"
  ],
  "realIdentity": [
    {
      "preferredName": "Georg Ro\u0308hrig"
    },
    {
      "preferredName": "Georg Ro\u0308hrig"
    }
  ],
  "dateOfBirth": "April 23, 1545",
  "dateOfDeath": "December 11, 1595",
  "placeOfBirth": [
    {
      "@id": "https://d-nb.info/gnd/4551979-1",
      "preferredName": "Silberberg (Eulengebirge)"
    }
  ],
  "placeOfDeath": [
    {
      "@id": "https://d-nb.info/gnd/4066009-6",
      "preferredName": "Wien"
    }
  ],
  "placeOfActivity": [
    {
      "@id": "https://d-nb.info/gnd/4057878-1",
      "preferredName": "Stra\u00dfburg"
    },
    {
      "@id": "https://d-nb.info/gnd/4074255-6",
      "preferredName": "Linz"
    }
  ],
  "associatedCountry": [
    {
      "@id": "https://d-nb.info/standards/vocab/gnd/geographic-area-code#XA-AT",
      "preferredName": "\u00d6sterreich"
    },
    {
      "@id": "https://d-nb.info/standards/vocab/gnd/geographic-area-code#XA-DE",
      "preferredName": "Deutschland"
    }
  ],
  "professionOrOccupation": [
    {
      "@id": "https://d-nb.info/gnd/4053309-8",
      "preferredName": "Schriftsteller"
    },
    {
      "@id": "https://d-nb.info/gnd/4140241-8",
      "preferredName": "Dramatiker"
    },
    {
      "@id": "https://d-nb.info/gnd/4158589-6",
      "preferredName": "Gymnasiallehrer"
    },
    {
      "@id": "https://d-nb.info/gnd/4140241-8",
      "preferredName": "Dramatiker"
    }
  ],
  "gender": {
    "@id": "https://d-nb.info/standards/vocab/gnd/gender#male",
    "label": "Mann"
  },
  "biographicalOrHistoricalInformation": "Dt. neulat. Dichter und Pa\u0308dagoge; Student und Privatlehrer in Stra\u00dfburg; 1578 Konrektor in Linz; Poeta laureatus",
  "relatedPerson": [
    {
      "@id": "https://d-nb.info/gnd/116653884",
      "relationship": "VD-16 Mitverf.",
      "preferredName": "Philipp Glaser"
    },
    {
      "relationship": "VD-16 Mitverf.",
      "preferredName": "Matthias Dresser"
    },
    {
      "@id": "https://d-nb.info/gnd/118531395",
      "relationship": "VD-16 Mitverf.",
      "preferredName": "Euripides"
    },
    {
      "@id": "https://d-nb.info/gnd/100069983",
      "relationship": "VD-16 Mitverf.",
      "preferredName": "Nikolaus Reusner"
    },
    {
      "relationship": "VD-16 Mitverf.",
      "preferredName": "Michael Beuther"
    },
    {
      "relationship": "VD-16 Mitverf.",
      "preferredName": "Johannes Sturm"
    },
    {
      "@id": "https://d-nb.info/gnd/119828707",
      "relationship": "VD-16 Mitverf.",
      "preferredName": "Samuel Sebald"
    },
    {
      "@id": "https://d-nb.info/gnd/116568674",
      "relationship": "VD-16 Mitverf.",
      "preferredName": "Valentin Erythraeus"
    },
    {
      "relationship": "VD-16 Mitverf.",
      "preferredName": "Nikodemus Frischlin"
    },
    {
      "@id": "https://d-nb.info/gnd/119745666",
      "relationship": "VD-16 Mitverf.",
      "preferredName": "Johannes Lobart"
    }
  ],
  "familialRelationship": [
    {
      "@id": "https://d-nb.info/gnd/119804352",
      "relationship": "Vetter",
      "preferredName": "Petrus Calaminus"
    }
  ],
  "sameAs": [
    {
      "@id": "https://d-nb.info/gnd/120680300/about",
      "collection": {
        "abbr": "DNB",
        "name": "Gemeinsame Normdatei (GND) im Katalog der Deutschen Nationalbibliothek",
        "publisher": "Deutsche Nationalbibliothek",
        "icon": "https://www.dnb.de/SiteGlobals/Frontend/DNBWeb/Images/favicon.png?__blob=normal&v=4"
      }
    },
    {
      "@id": "https://de.wikipedia.org/wiki/Georg_Calaminus",
      "collection": {
        "abbr": "dewiki",
        "name": "Wikipedia (Deutsch)",
        "publisher": "Wikimedia Foundation Inc.",
        "icon": "https://de.wikipedia.org/static/favicon/wikipedia.ico"
      }
    },
    {
      "@id": "https://kalliope-verbund.info/gnd/120680300",
      "collection": {
        "abbr": "DE-611",
        "name": "Kalliope Verbundkatalog",
        "publisher": "Staatsbibliothek zu Berlin - Preu\u00dfischer Kulturbesitz",
        "icon": "https://kalliope-verbund.info/img/favicon.ico"
      }
    },
    {
      "@id": "https://raa.gf-franken.de/de/suche-nach-stammbucheintraegen.html?permaLink=1582_teuffenbach;7",
      "collection": {
        "abbr": "RAAE",
        "name": "Repertorium Alborum Amicorum (RAA) - Stammbucheintr\u00e4ge",
        "publisher": "Department Germanistik und Komparatistik der Friedrich-Alexander-Universit\u00e4t Erlangen-N\u00fcrnberg in Zusammenarbeit mit der Gesellschaft f\u00fcr Familienforschung in Franken",
        "icon": "https://www.gf-franken.de/favicon.ico"
      }
    },
    {
      "@id": "https://www.deutsche-biographie.de/pnd120680300.html#adbcontent",
      "collection": {
        "abbr": "ADB",
        "name": "Allgemeine Deutsche Biographie (ADB)",
        "publisher": "Historische Kommission bei der Bayerischen Akademie der Wissenschaften und Bayerische Staatsbibliothek",
        "icon": "https://www.deutsche-biographie.de/favicon.ico"
      }
    },
    {
      "@id": "https://www.deutsche-biographie.de/pnd120680300.html#ndbcontent",
      "collection": {
        "abbr": "NDB",
        "name": "Neue Deutsche Biographie (NDB)",
        "publisher": "Historische Kommission bei der Bayerischen Akademie der Wissenschaften und Bayerische Staatsbibliothek",
        "icon": "https://www.deutsche-biographie.de/favicon.ico"
      }
    },
    {
      "@id": "https://www.deutsche-digitale-bibliothek.de/person/gnd/120680300",
      "collection": {
        "abbr": "DDB",
        "name": "Deutsche Digitale Bibliothek",
        "publisher": "Deutsche Digitale Bibliothek",
        "icon": "https://www.deutsche-digitale-bibliothek.de/favicon.ico"
      }
    },
    {
      "@id": "http://id.loc.gov/rwo/agents/no99001515",
      "collection": {
        "abbr": "LC",
        "name": "NACO Authority File",
        "publisher": "Library of Congress",
        "icon": "https://www.loc.gov/favicon.ico"
      }
    },
    {
      "@id": "http://viaf.org/viaf/29810342",
      "collection": {
        "abbr": "VIAF",
        "name": "Virtual International Authority File (VIAF)",
        "publisher": "OCLC",
        "icon": "https://viaf.org/viaf/images/viaf.ico"
      }
    },
    {
      "@id": "http://www.wikidata.org/entity/Q1503883",
      "collection": {
        "abbr": "WIKIDATA",
        "name": "Wikidata",
        "publisher": "Wikimedia Foundation Inc.",
        "icon": "https://www.wikidata.org/static/favicon/wikidata.ico"
      }
    },
    {
      "@id": "https://isni.org/isni/0000000115641976",
      "collection": {
        "abbr": "ISNI",
        "name": "International Standard Name Identifier (ISNI)",
        "publisher": "International Standard Name Identifier (ISNI)",
        "icon": "https://www.isni.org/sites/default/files/isni_new_favicon.ico"
      }
    }
  ]
}