{
  "@context": "http://hub.culturegraph.org/entityfacts/context/v1/entityfacts.jsonld",
  "@id": "https://d-nb.info/gnd/120526913",
  "describedBy": {
    "valid": "2026-04-27T20:07:09Z",
    "license": "https://creativecommons.org/publicdomain/zero/1.0/",
    "@id": "https://hub.culturegraph.org/entityfacts/120526913"
  },
  "preferredName": "Caspar Odontius",
  "surname": "Odontius",
  "forename": "Caspar",
  "@type": "person",
  "variantName": [
    "Casparus Odontius",
    "Caspar Zahn",
    "Kaspar Zahn",
    "Caspar Zan",
    "Kaspar Zan",
    "Kaspar Odontius",
    "Casparus Zan"
  ],
  "dateOfBirth": "1547",
  "dateOfDeath": "1584",
  "placeOfBirth": [
    {
      "@id": "https://d-nb.info/gnd/4065243-9",
      "preferredName": "Wei\u00dfenburg i. Bay."
    }
  ],
  "placeOfActivity": [
    {
      "@id": "https://d-nb.info/gnd/4001388-1",
      "preferredName": "Altdorf b. Nu\u0308rnberg"
    }
  ],
  "associatedCountry": [
    {
      "@id": "https://d-nb.info/standards/vocab/gnd/geographic-area-code#XA-DE",
      "preferredName": "Deutschland"
    }
  ],
  "professionOrOccupation": [
    {
      "@id": "https://d-nb.info/gnd/4160777-6",
      "preferredName": "Humanist"
    },
    {
      "@id": "https://d-nb.info/gnd/4199236-2",
      "preferredName": "Philologe"
    },
    {
      "@id": "https://d-nb.info/gnd/4158589-6",
      "preferredName": "Gymnasiallehrer"
    }
  ],
  "relatedPerson": [
    {
      "relationship": "VD-16 Mitverf.",
      "preferredName": "Johannes Thomas Freige, der A\u0308ltere"
    },
    {
      "@id": "https://d-nb.info/gnd/104110236",
      "relationship": "VD-16 Mitverf.",
      "preferredName": "Georg Pulmar"
    },
    {
      "@id": "https://d-nb.info/gnd/11736021X",
      "relationship": "VD-16 Mitverf.",
      "preferredName": "Georg Siegel"
    },
    {
      "relationship": "VD-16 Mitverf.",
      "preferredName": "Johannes Mu\u0308llner"
    },
    {
      "@id": "https://d-nb.info/gnd/119880075",
      "relationship": "VD-16 Mitverf.",
      "preferredName": "Sebastian Marquart von Hradek"
    },
    {
      "@id": "https://d-nb.info/gnd/119647249",
      "relationship": "VD-16 Mitverf.",
      "preferredName": "Lorenz Craidius"
    },
    {
      "@id": "https://d-nb.info/gnd/119625172",
      "relationship": "VD-16 Mitverf.",
      "preferredName": "Sebastian Bohemus"
    },
    {
      "@id": "https://d-nb.info/gnd/11636470X",
      "relationship": "VD-16 Mitverf.",
      "preferredName": "Michael Rauenbusch"
    },
    {
      "@id": "https://d-nb.info/gnd/119799898",
      "relationship": "VD-16 Mitverf.",
      "preferredName": "Paul Regner"
    },
    {
      "@id": "https://d-nb.info/gnd/119837579",
      "relationship": "VD-16 Mitverf.",
      "preferredName": "Georg Staudner"
    }
  ],
  "familialRelationship": [
    {
      "@id": "https://d-nb.info/gnd/1055730834",
      "relationship": "Ehefrau",
      "preferredName": "Barbara Queccius"
    },
    {
      "@id": "https://d-nb.info/gnd/120524678",
      "relationship": "Sohn",
      "preferredName": "Johann Caspar Odontius"
    }
  ],
  "sameAs": [
    {
      "@id": "https://d-nb.info/gnd/120526913/about",
      "collection": {
        "abbr": "DNB",
        "name": "Gemeinsame Normdatei (GND) im Katalog der Deutschen Nationalbibliothek",
        "publisher": "Deutsche Nationalbibliothek",
        "icon": "https://www.dnb.de/SiteGlobals/Frontend/DNBWeb/Images/favicon.png?__blob=normal&v=4"
      }
    },
    {
      "@id": "https://aaa.gf-franken.de/de/recherche.html?permaLink=K1040",
      "collection": {
        "abbr": "AAA",
        "name": "Album Academicum Altorphinum (AAA)",
        "publisher": "Department Germanistik und Komparatistik der Friedrich-Alexander-Universit\u00e4t Erlangen-N\u00fcrnberg in Zusammenarbeit mit der Gesellschaft f\u00fcr Familienforschung in Franken",
        "icon": "https://www.gf-franken.de/favicon.ico"
      }
    },
    {
      "@id": "https://aaa.gf-franken.de/de/recherche.html?permaLink=K1040a",
      "collection": {
        "abbr": "AAA",
        "name": "Album Academicum Altorphinum (AAA)",
        "publisher": "Department Germanistik und Komparatistik der Friedrich-Alexander-Universit\u00e4t Erlangen-N\u00fcrnberg in Zusammenarbeit mit der Gesellschaft f\u00fcr Familienforschung in Franken",
        "icon": "https://www.gf-franken.de/favicon.ico"
      }
    },
    {
      "@id": "https://www.deutsche-digitale-bibliothek.de/person/gnd/120526913",
      "collection": {
        "abbr": "DDB",
        "name": "Deutsche Digitale Bibliothek",
        "publisher": "Deutsche Digitale Bibliothek",
        "icon": "https://www.deutsche-digitale-bibliothek.de/favicon.ico"
      }
    },
    {
      "@id": "https://www.portraitindex.de/dokumente/pnd/120526913",
      "collection": {
        "abbr": "Portraitindex",
        "name": "Digitaler Portraitindex der druckgraphischen Bildnisse der Fru\u0308hen Neuzeit",
        "publisher": "Deutsches Dokumentationszentrum fu\u0308r Kunstgeschichte - Bildarchiv Foto Marburg",
        "icon": "https://www.portraitindex.de/favicon.ico"
      }
    },
    {
      "@id": "http://viaf.org/viaf/50059266",
      "collection": {
        "abbr": "VIAF",
        "name": "Virtual International Authority File (VIAF)",
        "publisher": "OCLC",
        "icon": "https://viaf.org/viaf/images/viaf.ico"
      }
    },
    {
      "@id": "http://www.wikidata.org/entity/Q55876291",
      "collection": {
        "abbr": "WIKIDATA",
        "name": "Wikidata",
        "publisher": "Wikimedia Foundation Inc.",
        "icon": "https://www.wikidata.org/static/favicon/wikidata.ico"
      }
    }
  ]
}