{
  "@context": "http://hub.culturegraph.org/entityfacts/context/v1/entityfacts.jsonld",
  "@id": "https://d-nb.info/gnd/120491230",
  "describedBy": {
    "valid": "2026-05-01T23:25:02Z",
    "license": "https://creativecommons.org/publicdomain/zero/1.0/",
    "@id": "https://hub.culturegraph.org/entityfacts/120491230"
  },
  "preferredName": "Johann Michael Strau\u00df",
  "surname": "Strau\u00df",
  "forename": "Johann Michael",
  "@type": "person",
  "variantName": [
    "Johann Michael Strauss",
    "Johann Michael Straus",
    "Johannes Michael Strau\u00df",
    "Johannes Michael Strau\u00dfen",
    "Joannes Michael Straussius",
    "Johannes Michael Straussius"
  ],
  "dateOfBirth": "1598",
  "dateOfDeath": "1661",
  "placeOfBirth": [
    {
      "@id": "https://d-nb.info/gnd/4038453-6",
      "preferredName": "Meiningen"
    }
  ],
  "placeOfDeath": [
    {
      "@id": "https://d-nb.info/gnd/4038453-6",
      "preferredName": "Meiningen"
    }
  ],
  "placeOfActivity": [
    {
      "@id": "https://d-nb.info/gnd/4056179-3",
      "preferredName": "Speyer"
    },
    {
      "@id": "https://d-nb.info/gnd/4021652-4",
      "preferredName": "Gotha"
    },
    {
      "@id": "https://d-nb.info/gnd/4038453-6",
      "preferredName": "Meiningen"
    }
  ],
  "associatedCountry": [
    {
      "@id": "https://d-nb.info/standards/vocab/gnd/geographic-area-code#XA-DE",
      "preferredName": "Deutschland"
    }
  ],
  "professionOrOccupation": [
    {
      "@id": "https://d-nb.info/gnd/4029050-5",
      "preferredName": "Jurist"
    },
    {
      "@id": "https://d-nb.info/gnd/4398825-8",
      "preferredName": "Regierungsrat"
    },
    {
      "@id": "https://d-nb.info/gnd/4123488-1",
      "preferredName": "Kanzler"
    }
  ],
  "gender": {
    "@id": "https://d-nb.info/standards/vocab/gnd/gender#male",
    "label": "Mann"
  },
  "biographicalOrHistoricalInformation": "Jurist und Staatsmann; 1607 Student in Jena, 1610 in Leipzig und Wittenberg, dann in Stra\u00dfburg, Orleans und 1614 in Altdorf; 1616 Promotion in Basel; 1618 Advokat am Reichskammergericht in Speyer; 1619 Regierungsrat in Gotha, 1641 Hofrat und Kosistorialdirektor; ab 1645 Hennebergischer Kanzler in Meiningen",
  "familialRelationship": [
    {
      "@id": "https://d-nb.info/gnd/1104771101",
      "relationship": "zweite Ehefrau ab 1623",
      "preferredName": "Anna Strau\u00df"
    },
    {
      "@id": "https://d-nb.info/gnd/1197159282",
      "relationship": "Sohn",
      "preferredName": "Johann Elias Strau\u00df"
    },
    {
      "@id": "https://d-nb.info/gnd/121563030",
      "relationship": "Sohn",
      "preferredName": "Carl Christian Strauss"
    },
    {
      "@id": "https://d-nb.info/gnd/1052485804",
      "relationship": "Sohn",
      "preferredName": "Johann Elias Strau\u00df"
    },
    {
      "@id": "https://d-nb.info/gnd/11550186X",
      "relationship": "Tochter",
      "preferredName": "Anna Elisabeth Fo\u0308rster"
    }
  ],
  "sameAs": [
    {
      "@id": "https://d-nb.info/gnd/120491230/about",
      "collection": {
        "abbr": "DNB",
        "name": "Gemeinsame Normdatei (GND) im Katalog der Deutschen Nationalbibliothek",
        "publisher": "Deutsche Nationalbibliothek",
        "icon": "https://www.dnb.de/SiteGlobals/Frontend/DNBWeb/Images/favicon.png?__blob=normal&v=4"
      }
    },
    {
      "@id": "https://aaa.gf-franken.de/de/recherche.html?permaLink=15183",
      "collection": {
        "abbr": "AAA",
        "name": "Album Academicum Altorphinum (AAA)",
        "publisher": "Department Germanistik und Komparatistik der Friedrich-Alexander-Universit\u00e4t Erlangen-N\u00fcrnberg in Zusammenarbeit mit der Gesellschaft f\u00fcr Familienforschung in Franken",
        "icon": "https://www.gf-franken.de/favicon.ico"
      }
    },
    {
      "@id": "https://kalliope-verbund.info/gnd/120491230",
      "collection": {
        "abbr": "DE-611",
        "name": "Kalliope Verbundkatalog",
        "publisher": "Staatsbibliothek zu Berlin - Preu\u00dfischer Kulturbesitz",
        "icon": "https://kalliope-verbund.info/img/favicon.ico"
      }
    },
    {
      "@id": "https://www.deutsche-digitale-bibliothek.de/person/gnd/120491230",
      "collection": {
        "abbr": "DDB",
        "name": "Deutsche Digitale Bibliothek",
        "publisher": "Deutsche Digitale Bibliothek",
        "icon": "https://www.deutsche-digitale-bibliothek.de/favicon.ico"
      }
    },
    {
      "@id": "http://viaf.org/viaf/47593556",
      "collection": {
        "abbr": "VIAF",
        "name": "Virtual International Authority File (VIAF)",
        "publisher": "OCLC",
        "icon": "https://viaf.org/viaf/images/viaf.ico"
      }
    },
    {
      "@id": "http://www.wikidata.org/entity/Q94909325",
      "collection": {
        "abbr": "WIKIDATA",
        "name": "Wikidata",
        "publisher": "Wikimedia Foundation Inc.",
        "icon": "https://www.wikidata.org/static/favicon/wikidata.ico"
      }
    },
    {
      "@id": "https://isni.org/isni/0000000023156391",
      "collection": {
        "abbr": "ISNI",
        "name": "International Standard Name Identifier (ISNI)",
        "publisher": "International Standard Name Identifier (ISNI)",
        "icon": "https://www.isni.org/sites/default/files/isni_new_favicon.ico"
      }
    }
  ]
}