{
  "@context": "http://hub.culturegraph.org/entityfacts/context/v1/entityfacts.jsonld",
  "@id": "https://d-nb.info/gnd/120273217",
  "describedBy": {
    "valid": "2026-04-28T20:25:32Z",
    "license": "https://creativecommons.org/publicdomain/zero/1.0/",
    "@id": "https://hub.culturegraph.org/entityfacts/120273217"
  },
  "preferredName": "Christoph Ulrich Lagus",
  "surname": "Lagus",
  "forename": "Christoph Ulrich",
  "@type": "person",
  "variantName": [
    "Christophorus Ulricus Lagus"
  ],
  "dateOfBirth": "January 13, 1593",
  "dateOfDeath": "July 4, 1637",
  "placeOfBirth": [
    {
      "@id": "https://d-nb.info/gnd/4581901-4",
      "preferredName": "Gra\u0308fenthal (Landkreis Saalfeld-Rudolstadt)"
    }
  ],
  "placeOfDeath": [
    {
      "@id": "https://d-nb.info/gnd/4014013-1",
      "preferredName": "Eisenach"
    }
  ],
  "placeOfActivity": [
    {
      "@id": "https://d-nb.info/gnd/4021652-4",
      "preferredName": "Gotha"
    }
  ],
  "associatedCountry": [
    {
      "@id": "https://d-nb.info/standards/vocab/gnd/geographic-area-code#XA-DE",
      "preferredName": "Deutschland"
    }
  ],
  "professionOrOccupation": [
    {
      "@id": "https://d-nb.info/gnd/4029050-5",
      "preferredName": "Jurist"
    }
  ],
  "biographicalOrHistoricalInformation": "Deutscher Jurist; Student in Ingolstadt, Altdorf und Jena; 1629 Lizentiat beider Rechte in Erfurt; 1629 Rat des Burggrafen Georg von Kirchberg; 1636 Amtsverweser in Gotha; seit 1619 verheiratet mit Maria, Tochter des Eisenacher Ratska\u0308mmerer  Georg Cotta",
  "familialRelationship": [
    {
      "@id": "https://d-nb.info/gnd/12858081X",
      "relationship": "Vater",
      "preferredName": "Tobias Lagus"
    },
    {
      "@id": "https://d-nb.info/gnd/140404309",
      "relationship": "Ehefrau",
      "preferredName": "Maria Gla\u00df"
    }
  ],
  "sameAs": [
    {
      "@id": "https://d-nb.info/gnd/120273217/about",
      "collection": {
        "abbr": "DNB",
        "name": "Gemeinsame Normdatei (GND) im Katalog der Deutschen Nationalbibliothek",
        "publisher": "Deutsche Nationalbibliothek",
        "icon": "https://www.dnb.de/SiteGlobals/Frontend/DNBWeb/Images/favicon.png?__blob=normal&v=4"
      }
    },
    {
      "@id": "https://aaa.gf-franken.de/de/recherche.html?permaLink=08432",
      "collection": {
        "abbr": "AAA",
        "name": "Album Academicum Altorphinum (AAA)",
        "publisher": "Department Germanistik und Komparatistik der Friedrich-Alexander-Universit\u00e4t Erlangen-N\u00fcrnberg in Zusammenarbeit mit der Gesellschaft f\u00fcr Familienforschung in Franken",
        "icon": "https://www.gf-franken.de/favicon.ico"
      }
    },
    {
      "@id": "http://viaf.org/viaf/69755792",
      "collection": {
        "abbr": "VIAF",
        "name": "Virtual International Authority File (VIAF)",
        "publisher": "OCLC",
        "icon": "https://viaf.org/viaf/images/viaf.ico"
      }
    },
    {
      "@id": "http://www.wikidata.org/entity/Q137809048",
      "collection": {
        "abbr": "WIKIDATA",
        "name": "Wikidata",
        "publisher": "Wikimedia Foundation Inc.",
        "icon": "https://www.wikidata.org/static/favicon/wikidata.ico"
      }
    },
    {
      "@id": "https://isni.org/isni/0000000012695322",
      "collection": {
        "abbr": "ISNI",
        "name": "International Standard Name Identifier (ISNI)",
        "publisher": "International Standard Name Identifier (ISNI)",
        "icon": "https://www.isni.org/sites/default/files/isni_new_favicon.ico"
      }
    }
  ]
}