{
  "@context": "http://hub.culturegraph.org/entityfacts/context/v1/entityfacts.jsonld",
  "@id": "https://d-nb.info/gnd/120172976",
  "describedBy": {
    "valid": "2026-04-27T11:10:15Z",
    "license": "https://creativecommons.org/publicdomain/zero/1.0/",
    "@id": "https://hub.culturegraph.org/entityfacts/120172976"
  },
  "preferredName": "Melchior Eckhart",
  "surname": "Eckhart",
  "forename": "Melchior",
  "@type": "person",
  "variantName": [
    "Melchior Eccardus",
    "Melch. Eccardus",
    "Melchior Eckard",
    "Melchior Eccard",
    "Melchior Eckart"
  ],
  "dateOfBirth": "1555",
  "dateOfDeath": "1616",
  "placeOfBirth": [
    {
      "@id": "https://d-nb.info/gnd/4029702-0",
      "preferredName": "Chemnitz"
    }
  ],
  "placeOfDeath": [
    {
      "@id": "https://d-nb.info/gnd/4133221-0",
      "preferredName": "Oles\u0301nica"
    }
  ],
  "associatedCountry": [
    {
      "@id": "https://d-nb.info/standards/vocab/gnd/geographic-area-code#XA-DE",
      "preferredName": "Deutschland"
    }
  ],
  "professionOrOccupation": [
    {
      "@id": "https://d-nb.info/gnd/4015882-2",
      "preferredName": "Evangelischer Theologe"
    },
    {
      "@id": "https://d-nb.info/gnd/4132592-8",
      "preferredName": "Pfarrer"
    },
    {
      "@id": "https://d-nb.info/gnd/4184110-4",
      "preferredName": "Superintendent"
    }
  ],
  "biographicalOrHistoricalInformation": "Dt. ev. Theologe; Lehrer und Rektor in Lauban; 1586 Pfarrer und 1592 Superintendent in Oels",
  "relatedPerson": [
    {
      "@id": "https://d-nb.info/gnd/11975780X",
      "relationship": "VD-16 Mitverf.",
      "preferredName": "Johannes Mehl"
    },
    {
      "@id": "https://d-nb.info/gnd/119841274",
      "relationship": "VD-16 Mitverf.",
      "preferredName": "Jakob Strasburg"
    },
    {
      "@id": "https://d-nb.info/gnd/119849747",
      "relationship": "VD-16 Mitverf.",
      "preferredName": "Georg Tilenus"
    },
    {
      "@id": "https://d-nb.info/gnd/128671572",
      "relationship": "VD-16 Mitverf.",
      "preferredName": "Adam Heumann"
    },
    {
      "@id": "https://d-nb.info/gnd/119637669",
      "relationship": "VD-16 Mitverf.",
      "preferredName": "Albert Carrabisius"
    },
    {
      "@id": "https://d-nb.info/gnd/119711907",
      "relationship": "VD-16 Mitverf.",
      "preferredName": "Stephan Hofer"
    },
    {
      "@id": "https://d-nb.info/gnd/119772566",
      "relationship": "VD-16 Mitverf.",
      "preferredName": "Valentin Neothebelus"
    },
    {
      "@id": "https://d-nb.info/gnd/119870363",
      "relationship": "VD-16 Mitverf.",
      "preferredName": "Wenzel Wildenberg"
    },
    {
      "@id": "https://d-nb.info/gnd/119708302",
      "relationship": "VD-16 Mitverf.",
      "preferredName": "Paul Hessus"
    },
    {
      "@id": "https://d-nb.info/gnd/119744945",
      "relationship": "VD-16 Mitverf.",
      "preferredName": "Johannes Liningius"
    }
  ],
  "sameAs": [
    {
      "@id": "https://d-nb.info/gnd/120172976/about",
      "collection": {
        "abbr": "DNB",
        "name": "Gemeinsame Normdatei (GND) im Katalog der Deutschen Nationalbibliothek",
        "publisher": "Deutsche Nationalbibliothek",
        "icon": "https://www.dnb.de/SiteGlobals/Frontend/DNBWeb/Images/favicon.png?__blob=normal&v=4"
      }
    },
    {
      "@id": "https://de.wikipedia.org/wiki/Melchior_Eckhart",
      "collection": {
        "abbr": "dewiki",
        "name": "Wikipedia (Deutsch)",
        "publisher": "Wikimedia Foundation Inc.",
        "icon": "https://de.wikipedia.org/static/favicon/wikipedia.ico"
      }
    },
    {
      "@id": "https://kalliope-verbund.info/gnd/120172976",
      "collection": {
        "abbr": "DE-611",
        "name": "Kalliope Verbundkatalog",
        "publisher": "Staatsbibliothek zu Berlin - Preu\u00dfischer Kulturbesitz",
        "icon": "https://kalliope-verbund.info/img/favicon.ico"
      }
    },
    {
      "@id": "https://raa.gf-franken.de/de/suche-nach-stammbucheintraegen.html?permaLink=1600_rindfleisch;9",
      "collection": {
        "abbr": "RAAE",
        "name": "Repertorium Alborum Amicorum (RAA) - Stammbucheintr\u00e4ge",
        "publisher": "Department Germanistik und Komparatistik der Friedrich-Alexander-Universit\u00e4t Erlangen-N\u00fcrnberg in Zusammenarbeit mit der Gesellschaft f\u00fcr Familienforschung in Franken",
        "icon": "https://www.gf-franken.de/favicon.ico"
      }
    },
    {
      "@id": "https://www.deutsche-biographie.de/pnd120172976.html#adbcontent",
      "collection": {
        "abbr": "ADB",
        "name": "Allgemeine Deutsche Biographie (ADB)",
        "publisher": "Historische Kommission bei der Bayerischen Akademie der Wissenschaften und Bayerische Staatsbibliothek",
        "icon": "https://www.deutsche-biographie.de/favicon.ico"
      }
    },
    {
      "@id": "https://www.deutsche-digitale-bibliothek.de/person/gnd/120172976",
      "collection": {
        "abbr": "DDB",
        "name": "Deutsche Digitale Bibliothek",
        "publisher": "Deutsche Digitale Bibliothek",
        "icon": "https://www.deutsche-digitale-bibliothek.de/favicon.ico"
      }
    },
    {
      "@id": "https://www.portraitindex.de/dokumente/pnd/120172976",
      "collection": {
        "abbr": "Portraitindex",
        "name": "Digitaler Portraitindex der druckgraphischen Bildnisse der Fru\u0308hen Neuzeit",
        "publisher": "Deutsches Dokumentationszentrum fu\u0308r Kunstgeschichte - Bildarchiv Foto Marburg",
        "icon": "https://www.portraitindex.de/favicon.ico"
      }
    },
    {
      "@id": "http://viaf.org/viaf/69743574",
      "collection": {
        "abbr": "VIAF",
        "name": "Virtual International Authority File (VIAF)",
        "publisher": "OCLC",
        "icon": "https://viaf.org/viaf/images/viaf.ico"
      }
    },
    {
      "@id": "http://www.wikidata.org/entity/Q1919122",
      "collection": {
        "abbr": "WIKIDATA",
        "name": "Wikidata",
        "publisher": "Wikimedia Foundation Inc.",
        "icon": "https://www.wikidata.org/static/favicon/wikidata.ico"
      }
    },
    {
      "@id": "https://isni.org/isni/0000000055397990",
      "collection": {
        "abbr": "ISNI",
        "name": "International Standard Name Identifier (ISNI)",
        "publisher": "International Standard Name Identifier (ISNI)",
        "icon": "https://www.isni.org/sites/default/files/isni_new_favicon.ico"
      }
    }
  ]
}