{
  "@context": "http://hub.culturegraph.org/entityfacts/context/v1/entityfacts.jsonld",
  "@id": "https://d-nb.info/gnd/119863383",
  "describedBy": {
    "valid": "2026-04-27T21:27:14Z",
    "license": "https://creativecommons.org/publicdomain/zero/1.0/",
    "@id": "https://hub.culturegraph.org/entityfacts/119863383"
  },
  "preferredName": "Hannibal von Waldstein",
  "surname": "Waldstein",
  "prefix": "von",
  "forename": "Hannibal",
  "periodOfActivity": "1594\u20131595",
  "@type": "person",
  "titleOfNobility": [
    "Graf"
  ],
  "variantName": [
    "Hannibal von Waldstein-Arnau",
    "Hannibal von Waldstein-Arnau"
  ],
  "dateOfBirth": "1576",
  "dateOfDeath": "1622",
  "placeOfActivity": [
    {
      "@id": "https://d-nb.info/gnd/4018122-4",
      "preferredName": "Frankfurt (Oder)"
    }
  ],
  "associatedCountry": [
    {
      "@id": "https://d-nb.info/standards/vocab/gnd/geographic-area-code#XA-DE",
      "preferredName": "Deutschland"
    }
  ],
  "professionOrOccupation": [
    {
      "@id": "https://d-nb.info/gnd/4199252-0",
      "preferredName": "Rektor"
    },
    {
      "@id": "https://d-nb.info/gnd/4170686-9",
      "preferredName": "Mu\u0308nzmeister"
    }
  ],
  "gender": {
    "@id": "https://d-nb.info/standards/vocab/gnd/gender#male",
    "label": "Mann"
  },
  "biographicalOrHistoricalInformation": "Rektor der Universita\u0308t Frankfurt (Oder); Oberstmu\u0308nzmeister von Bo\u0308hmen; Beitr. im VD-16",
  "relatedPerson": [
    {
      "@id": "https://d-nb.info/gnd/119822660",
      "relationship": "VD-16 Mitverf.",
      "preferredName": "Gregor Scho\u0308n"
    },
    {
      "@id": "https://d-nb.info/gnd/119776065",
      "relationship": "VD-16 Mitverf.",
      "preferredName": "Fridericus Nuslerus"
    },
    {
      "@id": "https://d-nb.info/gnd/119648598",
      "relationship": "VD-16 Mitverf.",
      "preferredName": "Samuel Croellius"
    },
    {
      "@id": "https://d-nb.info/gnd/119703653",
      "relationship": "VD-16 Mitverf.",
      "preferredName": "Johannes Heldricus"
    },
    {
      "@id": "https://d-nb.info/gnd/124339417",
      "relationship": "VD-16 Mitverf.",
      "preferredName": "Christoph Neander"
    },
    {
      "@id": "https://d-nb.info/gnd/124688594",
      "relationship": "VD-16 Mitverf.",
      "preferredName": "Ambrosius Schneewei\u00df"
    },
    {
      "@id": "https://d-nb.info/gnd/119794284",
      "relationship": "VD-16 Mitverf.",
      "preferredName": "Wenzeslaus Prei\u00df"
    },
    {
      "@id": "https://d-nb.info/gnd/119618621",
      "relationship": "VD-16 Mitverf.",
      "preferredName": "David Berlin"
    },
    {
      "@id": "https://d-nb.info/gnd/119614073",
      "relationship": "VD-16 Mitverf.",
      "preferredName": "Elias Bartsch"
    },
    {
      "@id": "https://d-nb.info/gnd/119771756",
      "relationship": "VD-16 Mitverf.",
      "preferredName": "Josias Neander"
    }
  ],
  "depiction": {
    "@id": "https://commons.wikimedia.org/wiki/Special:FilePath/Rudnik%20kostel%20sv%20Vaclava%20nahrobky%20%28Waldstein%2C%20cropped%29.JPG",
    "publisher": "Wikimedia Commons",
    "copyrighted": "true",
    "creator": [
      "JiriMatejicek"
    ],
    "creditText": [
      "Own work"
    ],
    "license": [
      {
        "@id": "https://creativecommons.org/licenses/by-sa/3.0",
        "abbr": "CC BY-SA 3.0",
        "name": "Creative Commons Attribution-Share Alike 3.0",
        "attributionRequired": "true",
        "restrictions": ""
      }
    ],
    "url": "https://commons.wikimedia.org/wiki/File:Rudnik%20kostel%20sv%20Vaclava%20nahrobky%20%28Waldstein%2C%20cropped%29.JPG?uselang=en",
    "thumbnail": {
      "@id": "https://commons.wikimedia.org/wiki/Special:FilePath/Rudnik%20kostel%20sv%20Vaclava%20nahrobky%20%28Waldstein%2C%20cropped%29.JPG?width=270"
    }
  },
  "sameAs": [
    {
      "@id": "https://d-nb.info/gnd/119863383/about",
      "collection": {
        "abbr": "DNB",
        "name": "Gemeinsame Normdatei (GND) im Katalog der Deutschen Nationalbibliothek",
        "publisher": "Deutsche Nationalbibliothek",
        "icon": "https://www.dnb.de/SiteGlobals/Frontend/DNBWeb/Images/favicon.png?__blob=normal&v=4"
      }
    },
    {
      "@id": "https://isni.org/isni/0000000012199652",
      "collection": {
        "abbr": "ISNI",
        "name": "International Standard Name Identifier (ISNI)",
        "publisher": "International Standard Name Identifier (ISNI)",
        "icon": "https://www.isni.org/sites/default/files/isni_new_favicon.ico"
      }
    },
    {
      "@id": "https://kaiserhof.geschichte.lmu.de/Q/GND=119863383",
      "collection": {
        "abbr": "KH",
        "name": "Kaiser und H\u00f6fe",
        "publisher": "Ludwig-Maximilians-Universit\u00e4t M\u00fcnchen - Historisches Seminar - Fr\u00fche Neuzeit",
        "icon": "https://kaiserhof.geschichte.lmu.de/favicon.ico"
      }
    },
    {
      "@id": "https://raa.gf-franken.de/de/suche-nach-stammbucheintraegen.html?permaLink=1591_waldstein;0",
      "collection": {
        "abbr": "RAAE",
        "name": "Repertorium Alborum Amicorum (RAA) - Stammbucheintr\u00e4ge",
        "publisher": "Department Germanistik und Komparatistik der Friedrich-Alexander-Universit\u00e4t Erlangen-N\u00fcrnberg in Zusammenarbeit mit der Gesellschaft f\u00fcr Familienforschung in Franken",
        "icon": "https://www.gf-franken.de/favicon.ico"
      }
    },
    {
      "@id": "https://raa.gf-franken.de/de/suche-nach-stammbuechern.html?permaLink=1584_speimann (Nr. 1)",
      "collection": {
        "abbr": "RAAS",
        "name": "Repertorium Alborum Amicorum (RAA) - Stammb\u00fccher",
        "publisher": "Department Germanistik und Komparatistik der Friedrich-Alexander-Universit\u00e4t Erlangen-N\u00fcrnberg in Zusammenarbeit mit der Gesellschaft f\u00fcr Familienforschung in Franken",
        "icon": "https://www.gf-franken.de/favicon.ico"
      }
    },
    {
      "@id": "https://raa.gf-franken.de/de/suche-nach-stammbuechern.html?permaLink=1584_waldstein",
      "collection": {
        "abbr": "RAAS",
        "name": "Repertorium Alborum Amicorum (RAA) - Stammb\u00fccher",
        "publisher": "Department Germanistik und Komparatistik der Friedrich-Alexander-Universit\u00e4t Erlangen-N\u00fcrnberg in Zusammenarbeit mit der Gesellschaft f\u00fcr Familienforschung in Franken",
        "icon": "https://www.gf-franken.de/favicon.ico"
      }
    },
    {
      "@id": "https://raa.gf-franken.de/de/suche-nach-stammbuechern.html?permaLink=1591_waldstein",
      "collection": {
        "abbr": "RAAS",
        "name": "Repertorium Alborum Amicorum (RAA) - Stammb\u00fccher",
        "publisher": "Department Germanistik und Komparatistik der Friedrich-Alexander-Universit\u00e4t Erlangen-N\u00fcrnberg in Zusammenarbeit mit der Gesellschaft f\u00fcr Familienforschung in Franken",
        "icon": "https://www.gf-franken.de/favicon.ico"
      }
    },
    {
      "@id": "http://viaf.org/viaf/301302013",
      "collection": {
        "abbr": "VIAF",
        "name": "Virtual International Authority File (VIAF)",
        "publisher": "OCLC",
        "icon": "https://viaf.org/viaf/images/viaf.ico"
      }
    },
    {
      "@id": "http://www.wikidata.org/entity/Q94620946",
      "collection": {
        "abbr": "WIKIDATA",
        "name": "Wikidata",
        "publisher": "Wikimedia Foundation Inc.",
        "icon": "https://www.wikidata.org/static/favicon/wikidata.ico"
      }
    },
    {
      "@id": "https://isni.org/isni/0000000012199652",
      "collection": {
        "abbr": "ISNI",
        "name": "International Standard Name Identifier (ISNI)",
        "publisher": "International Standard Name Identifier (ISNI)",
        "icon": "https://www.isni.org/sites/default/files/isni_new_favicon.ico"
      }
    }
  ]
}