{
  "@context": "http://hub.culturegraph.org/entityfacts/context/v1/entityfacts.jsonld",
  "@id": "https://d-nb.info/gnd/119854139",
  "describedBy": {
    "valid": "2026-04-28T21:58:36Z",
    "license": "https://creativecommons.org/publicdomain/zero/1.0/",
    "@id": "https://hub.culturegraph.org/entityfacts/119854139"
  },
  "preferredName": "Michael Ule",
  "surname": "Ule",
  "forename": "Michael",
  "@type": "person",
  "variantName": [
    "Michael Uhle",
    "Michael Uhl",
    "Michael Uhlius"
  ],
  "dateOfBirth": "1566",
  "dateOfDeath": "December 13, 1621",
  "placeOfBirth": [
    {
      "@id": "https://d-nb.info/gnd/4018266-6",
      "preferredName": "Freiberg"
    }
  ],
  "placeOfDeath": [
    {
      "@id": "https://d-nb.info/gnd/4066640-2",
      "preferredName": "Wittenberg"
    }
  ],
  "placeOfActivity": [
    {
      "@id": "https://d-nb.info/gnd/2108342-3",
      "preferredName": "Pretzsch (Elbe)"
    },
    {
      "@id": "https://d-nb.info/gnd/4002113-0",
      "preferredName": "Annaberg (Erzgebirge)"
    },
    {
      "@id": "https://d-nb.info/gnd/4018266-6",
      "preferredName": "Freiberg"
    },
    {
      "@id": "https://d-nb.info/gnd/4038474-3",
      "preferredName": "Mei\u00dfen"
    },
    {
      "@id": "https://d-nb.info/gnd/4066640-2",
      "preferredName": "Wittenberg"
    }
  ],
  "associatedCountry": [
    {
      "@id": "https://d-nb.info/standards/vocab/gnd/geographic-area-code#XA-DE",
      "preferredName": "Deutschland"
    }
  ],
  "professionOrOccupation": [
    {
      "@id": "https://d-nb.info/gnd/4158589-6",
      "preferredName": "Gymnasiallehrer"
    },
    {
      "@id": "https://d-nb.info/gnd/4199252-0",
      "preferredName": "Rektor"
    }
  ],
  "biographicalOrHistoricalInformation": "Dt. Pa\u0308dagoge; Lehrer in Pretzsch; 1603 Rektor in Annaberg; 1608 Konrektor in Freiberg; 1609 Rektor der Stadtschule Mei\u00dfen; 1618 Rektor der Lateinschule Wittenberg; Ehemann von Barbara Stroer",
  "relatedPerson": [
    {
      "@id": "https://d-nb.info/gnd/128350326",
      "relationship": "Vorga\u0308nger",
      "preferredName": "Paulus Colerus"
    },
    {
      "@id": "https://d-nb.info/gnd/124499198",
      "relationship": "Nachfolger",
      "preferredName": "Johann Seger"
    },
    {
      "@id": "https://d-nb.info/gnd/12485043X",
      "relationship": "VD-16 Mitverf.",
      "preferredName": "Michael Hempel"
    },
    {
      "relationship": "VD-16 Mitverf.",
      "preferredName": "Aegidius Hunnius"
    },
    {
      "@id": "https://d-nb.info/gnd/1053428626",
      "relationship": "VD-16 Mitverf.",
      "preferredName": "Caspar Hoffmann"
    },
    {
      "@id": "https://d-nb.info/gnd/117247243",
      "relationship": "VD-16 Mitverf.",
      "preferredName": "Friedrich Taubmann"
    },
    {
      "@id": "https://d-nb.info/gnd/11775188X",
      "relationship": "VD-16 Mitverf.",
      "preferredName": "Adam Theodor Siber"
    },
    {
      "@id": "https://d-nb.info/gnd/119805324",
      "relationship": "VD-16 Mitverf.",
      "preferredName": "Wolfgang Richter"
    },
    {
      "@id": "https://d-nb.info/gnd/119830566",
      "relationship": "VD-16 Mitverf.",
      "preferredName": "Samuel Setler"
    },
    {
      "@id": "https://d-nb.info/gnd/119769042",
      "relationship": "VD-16 Mitverf.",
      "preferredName": "Stephan Multz"
    },
    {
      "@id": "https://d-nb.info/gnd/119714744",
      "relationship": "VD-16 Mitverf.",
      "preferredName": "Caspar Horn"
    },
    {
      "@id": "https://d-nb.info/gnd/121088545",
      "relationship": "VD-16 Mitverf.",
      "preferredName": "Georg Lebemycus"
    }
  ],
  "familialRelationship": [
    {
      "@id": "https://d-nb.info/gnd/120344246",
      "relationship": "Sohn",
      "preferredName": "Johann Ule"
    }
  ],
  "sameAs": [
    {
      "@id": "https://d-nb.info/gnd/119854139/about",
      "collection": {
        "abbr": "DNB",
        "name": "Gemeinsame Normdatei (GND) im Katalog der Deutschen Nationalbibliothek",
        "publisher": "Deutsche Nationalbibliothek",
        "icon": "https://www.dnb.de/SiteGlobals/Frontend/DNBWeb/Images/favicon.png?__blob=normal&v=4"
      }
    },
    {
      "@id": "https://raa.gf-franken.de/de/suche-nach-stammbuechern.html?permaLink=1585_uhle",
      "collection": {
        "abbr": "RAAS",
        "name": "Repertorium Alborum Amicorum (RAA) - Stammb\u00fccher",
        "publisher": "Department Germanistik und Komparatistik der Friedrich-Alexander-Universit\u00e4t Erlangen-N\u00fcrnberg in Zusammenarbeit mit der Gesellschaft f\u00fcr Familienforschung in Franken",
        "icon": "https://www.gf-franken.de/favicon.ico"
      }
    },
    {
      "@id": "https://www.deutsche-digitale-bibliothek.de/person/gnd/119854139",
      "collection": {
        "abbr": "DDB",
        "name": "Deutsche Digitale Bibliothek",
        "publisher": "Deutsche Digitale Bibliothek",
        "icon": "https://www.deutsche-digitale-bibliothek.de/favicon.ico"
      }
    },
    {
      "@id": "http://viaf.org/viaf/313232173",
      "collection": {
        "abbr": "VIAF",
        "name": "Virtual International Authority File (VIAF)",
        "publisher": "OCLC",
        "icon": "https://viaf.org/viaf/images/viaf.ico"
      }
    },
    {
      "@id": "http://www.wikidata.org/entity/Q55875996",
      "collection": {
        "abbr": "WIKIDATA",
        "name": "Wikidata",
        "publisher": "Wikimedia Foundation Inc.",
        "icon": "https://www.wikidata.org/static/favicon/wikidata.ico"
      }
    },
    {
      "@id": "https://isni.org/isni/0000000011713162",
      "collection": {
        "abbr": "ISNI",
        "name": "International Standard Name Identifier (ISNI)",
        "publisher": "International Standard Name Identifier (ISNI)",
        "icon": "https://www.isni.org/sites/default/files/isni_new_favicon.ico"
      }
    }
  ]
}