{
  "@context": "http://hub.culturegraph.org/entityfacts/context/v1/entityfacts.jsonld",
  "@id": "https://d-nb.info/gnd/119846942",
  "describedBy": {
    "valid": "2026-04-27T01:52:38Z",
    "license": "https://creativecommons.org/publicdomain/zero/1.0/",
    "@id": "https://hub.culturegraph.org/entityfacts/119846942"
  },
  "preferredName": "Jodocus Textor",
  "surname": "Textor",
  "forename": "Jodocus",
  "periodOfActivity": "1515\u20131520",
  "@type": "person",
  "variantName": [
    "Jodocus Windshemius",
    "Jodocus von Wind\u00dfheym",
    "Jodocus Winshemius",
    "Jodocus Win\u00dfhemius",
    "Jodocus Windshem",
    "Judocus Textor",
    "Jodocus Winshem",
    "Judocus Win\u00dfhemius",
    "Judocus Textor Winshemius",
    "Jodocus, von Wind\u00dfheym",
    "Jodocus, Winshemius",
    "Jodocus, Windshemius",
    "Jodocus, von Windsheim",
    "Jodocus von Windsheim",
    "Jodocus Textoris"
  ],
  "associatedCountry": [
    {
      "@id": "https://d-nb.info/standards/vocab/gnd/geographic-area-code#ZZ",
      "preferredName": "Land unbekannt"
    }
  ],
  "professionOrOccupation": [
    {
      "@id": "https://d-nb.info/gnd/4059756-8",
      "preferredName": "Theologe"
    },
    {
      "@id": "https://d-nb.info/gnd/4160777-6",
      "preferredName": "Humanist"
    }
  ],
  "relatedPerson": [
    {
      "@id": "https://d-nb.info/gnd/104212721",
      "relationship": "VD-16 Mitverf.",
      "preferredName": "Giovanni Battista Valentini Cantalicio"
    },
    {
      "@id": "https://d-nb.info/gnd/119133210",
      "relationship": "VD-16 Mitverf.",
      "preferredName": "Antonius Geraldinus"
    },
    {
      "@id": "https://d-nb.info/gnd/119298414",
      "relationship": "VD-16 Mitverf.",
      "preferredName": "Euricius Cordus"
    },
    {
      "relationship": "VD-16 Mitverf.",
      "preferredName": "Helius Eobanus"
    },
    {
      "@id": "https://d-nb.info/gnd/119670240",
      "relationship": "VD-16 Mitverf.",
      "preferredName": "Johannes Femel"
    },
    {
      "@id": "https://d-nb.info/gnd/11709711X",
      "relationship": "VD-16 Mitverf.",
      "preferredName": "Johannes Oekolampad"
    },
    {
      "relationship": "VD-16 Mitverf.",
      "preferredName": "Marco Antonio Coccio Sabellico"
    },
    {
      "@id": "https://d-nb.info/gnd/119868806",
      "relationship": "VD-16 Mitverf.",
      "preferredName": "Johannes Wetter"
    }
  ],
  "sameAs": [
    {
      "@id": "https://d-nb.info/gnd/119846942/about",
      "collection": {
        "abbr": "DNB",
        "name": "Gemeinsame Normdatei (GND) im Katalog der Deutschen Nationalbibliothek",
        "publisher": "Deutsche Nationalbibliothek",
        "icon": "https://www.dnb.de/SiteGlobals/Frontend/DNBWeb/Images/favicon.png?__blob=normal&v=4"
      }
    },
    {
      "@id": "https://kalliope-verbund.info/gnd/119846942",
      "collection": {
        "abbr": "DE-611",
        "name": "Kalliope Verbundkatalog",
        "publisher": "Staatsbibliothek zu Berlin - Preu\u00dfischer Kulturbesitz",
        "icon": "https://kalliope-verbund.info/img/favicon.ico"
      }
    },
    {
      "@id": "https://www.deutsche-digitale-bibliothek.de/person/gnd/119846942",
      "collection": {
        "abbr": "DDB",
        "name": "Deutsche Digitale Bibliothek",
        "publisher": "Deutsche Digitale Bibliothek",
        "icon": "https://www.deutsche-digitale-bibliothek.de/favicon.ico"
      }
    },
    {
      "@id": "http://viaf.org/viaf/77134411",
      "collection": {
        "abbr": "VIAF",
        "name": "Virtual International Authority File (VIAF)",
        "publisher": "OCLC",
        "icon": "https://viaf.org/viaf/images/viaf.ico"
      }
    },
    {
      "@id": "http://www.wikidata.org/entity/Q132265566",
      "collection": {
        "abbr": "WIKIDATA",
        "name": "Wikidata",
        "publisher": "Wikimedia Foundation Inc.",
        "icon": "https://www.wikidata.org/static/favicon/wikidata.ico"
      }
    }
  ]
}