{
  "@context": "http://hub.culturegraph.org/entityfacts/context/v1/entityfacts.jsonld",
  "@id": "https://d-nb.info/gnd/119841738",
  "describedBy": {
    "valid": "2026-04-28T13:08:21Z",
    "license": "https://creativecommons.org/publicdomain/zero/1.0/",
    "@id": "https://hub.culturegraph.org/entityfacts/119841738"
  },
  "preferredName": "Wolfgang Heinrich Strein zu Schwarzenau",
  "surname": "Strein zu Schwarzenau",
  "forename": "Wolfgang Heinrich",
  "periodOfActivity": "1581\u20131606",
  "@type": "person",
  "variantName": [
    "Wolfgangus Henricus Streinius",
    "Wolfgang Heinrich Strein"
  ],
  "associatedCountry": [
    {
      "@id": "https://d-nb.info/standards/vocab/gnd/geographic-area-code#XA-DE",
      "preferredName": "Deutschland"
    }
  ],
  "professionOrOccupation": [
    {
      "@id": "https://d-nb.info/gnd/4046517-2",
      "preferredName": "Politiker"
    },
    {
      "@id": "https://d-nb.info/gnd/4156312-8",
      "preferredName": "Geheimer Rat"
    }
  ],
  "biographicalOrHistoricalInformation": "Schu\u0308ler in Lauingen; Geheimer Rat der Kaiser Maximilian II. und Rudolph II. sowie Hofkammerpra\u0308sident",
  "relatedPerson": [
    {
      "@id": "https://d-nb.info/gnd/100069983",
      "relationship": "VD-16 Mitverf.",
      "preferredName": "Nikolaus Reusner"
    },
    {
      "@id": "https://d-nb.info/gnd/119662671",
      "relationship": "VD-16 Mitverf.",
      "preferredName": "Jonas von Elverfeld"
    },
    {
      "@id": "https://d-nb.info/gnd/118677446",
      "relationship": "VD-16 Mitverf.",
      "preferredName": "Martin Crusius"
    },
    {
      "relationship": "Augsburg; VD-16 Mitverf.",
      "preferredName": "Jakob Keller"
    },
    {
      "@id": "https://d-nb.info/gnd/100248896",
      "relationship": "VD-16 Mitverf.",
      "preferredName": "Hieronymus Osius"
    },
    {
      "@id": "https://d-nb.info/gnd/119607883",
      "relationship": "VD-16 Mitverf.",
      "preferredName": "Johann Albrecht von Anweil"
    },
    {
      "@id": "https://d-nb.info/gnd/11969722X",
      "relationship": "VD-16 Mitverf.",
      "preferredName": "Hans Jakob Haintzel"
    },
    {
      "@id": "https://d-nb.info/gnd/128717467",
      "relationship": "VD-16 Mitverf.",
      "preferredName": "Joseph Lang"
    },
    {
      "@id": "https://d-nb.info/gnd/116653884",
      "relationship": "VD-16 Mitverf.",
      "preferredName": "Philipp Glaser"
    },
    {
      "@id": "https://d-nb.info/gnd/122123883",
      "relationship": "VD-16 Mitverf.",
      "preferredName": "Christoph Winer"
    }
  ],
  "sameAs": [
    {
      "@id": "https://d-nb.info/gnd/119841738/about",
      "collection": {
        "abbr": "DNB",
        "name": "Gemeinsame Normdatei (GND) im Katalog der Deutschen Nationalbibliothek",
        "publisher": "Deutsche Nationalbibliothek",
        "icon": "https://www.dnb.de/SiteGlobals/Frontend/DNBWeb/Images/favicon.png?__blob=normal&v=4"
      }
    },
    {
      "@id": "https://kalliope-verbund.info/gnd/119841738",
      "collection": {
        "abbr": "DE-611",
        "name": "Kalliope Verbundkatalog",
        "publisher": "Staatsbibliothek zu Berlin - Preu\u00dfischer Kulturbesitz",
        "icon": "https://kalliope-verbund.info/img/favicon.ico"
      }
    },
    {
      "@id": "https://raa.gf-franken.de/de/suche-nach-stammbucheintraegen.html?permaLink=1581_stang;7",
      "collection": {
        "abbr": "RAAE",
        "name": "Repertorium Alborum Amicorum (RAA) - Stammbucheintr\u00e4ge",
        "publisher": "Department Germanistik und Komparatistik der Friedrich-Alexander-Universit\u00e4t Erlangen-N\u00fcrnberg in Zusammenarbeit mit der Gesellschaft f\u00fcr Familienforschung in Franken",
        "icon": "https://www.gf-franken.de/favicon.ico"
      }
    },
    {
      "@id": "https://raa.gf-franken.de/de/suche-nach-stammbucheintraegen.html?permaLink=1587_abschatz;62",
      "collection": {
        "abbr": "RAAE",
        "name": "Repertorium Alborum Amicorum (RAA) - Stammbucheintr\u00e4ge",
        "publisher": "Department Germanistik und Komparatistik der Friedrich-Alexander-Universit\u00e4t Erlangen-N\u00fcrnberg in Zusammenarbeit mit der Gesellschaft f\u00fcr Familienforschung in Franken",
        "icon": "https://www.gf-franken.de/favicon.ico"
      }
    },
    {
      "@id": "https://www.deutsche-digitale-bibliothek.de/person/gnd/119841738",
      "collection": {
        "abbr": "DDB",
        "name": "Deutsche Digitale Bibliothek",
        "publisher": "Deutsche Digitale Bibliothek",
        "icon": "https://www.deutsche-digitale-bibliothek.de/favicon.ico"
      }
    },
    {
      "@id": "http://viaf.org/viaf/18040876",
      "collection": {
        "abbr": "VIAF",
        "name": "Virtual International Authority File (VIAF)",
        "publisher": "OCLC",
        "icon": "https://viaf.org/viaf/images/viaf.ico"
      }
    },
    {
      "@id": "http://www.wikidata.org/entity/Q139168001",
      "collection": {
        "abbr": "WIKIDATA",
        "name": "Wikidata",
        "publisher": "Wikimedia Foundation Inc.",
        "icon": "https://www.wikidata.org/static/favicon/wikidata.ico"
      }
    },
    {
      "@id": "https://isni.org/isni/000000002244149X",
      "collection": {
        "abbr": "ISNI",
        "name": "International Standard Name Identifier (ISNI)",
        "publisher": "International Standard Name Identifier (ISNI)",
        "icon": "https://www.isni.org/sites/default/files/isni_new_favicon.ico"
      }
    }
  ]
}