{
  "@context": "http://hub.culturegraph.org/entityfacts/context/v1/entityfacts.jsonld",
  "@id": "https://d-nb.info/gnd/119781476",
  "describedBy": {
    "valid": "2026-04-28T03:20:40Z",
    "license": "https://creativecommons.org/publicdomain/zero/1.0/",
    "@id": "https://hub.culturegraph.org/entityfacts/119781476"
  },
  "preferredName": "Johannes Paritius",
  "surname": "Paritius",
  "forename": "Johannes",
  "@type": "person",
  "academicDegree": [
    "Magister"
  ],
  "variantName": [
    "Johann Paritius"
  ],
  "dateOfBirth": "December 1, 1570",
  "dateOfDeath": "November 17, 1644",
  "placeOfBirth": [
    {
      "@id": "https://d-nb.info/gnd/1276447248",
      "preferredName": "Bogschu\u0308tz"
    }
  ],
  "placeOfActivity": [
    {
      "@id": "https://d-nb.info/gnd/4008216-7",
      "preferredName": "Breslau"
    }
  ],
  "associatedCountry": [
    {
      "@id": "https://d-nb.info/standards/vocab/gnd/geographic-area-code#XA-DE",
      "preferredName": "Deutschland"
    }
  ],
  "professionOrOccupation": [
    {
      "@id": "https://d-nb.info/gnd/4132592-8",
      "preferredName": "Pfarrer"
    },
    {
      "@id": "https://d-nb.info/gnd/1041366884",
      "preferredName": "Lutherischer Theologe"
    }
  ],
  "biographicalOrHistoricalInformation": "Schu\u0308ler in Brieg; 1591 Student in Frankfurt (Oder), 1594 Magister; 1595 Diakon und 1596 Archidiakon an St. Bernhardi in Breslau; 1596 in Frankfurt ordiniert; 1597 Vierter Diakon, 1607 Dritter Diakon, 1611 Zweiter Diakon und 1632 Archidiakon an Magdalenen in Breslau; 1639 emeritiert",
  "relatedPerson": [
    {
      "@id": "https://d-nb.info/gnd/119781948",
      "relationship": "VD-16 Mitverf.",
      "preferredName": "Konrad Passel"
    },
    {
      "@id": "https://d-nb.info/gnd/128671572",
      "relationship": "VD-16 Mitverf.",
      "preferredName": "Adam Heumann"
    },
    {
      "@id": "https://d-nb.info/gnd/11960339X",
      "relationship": "VD-16 Mitverf.",
      "preferredName": "Christoph Albertus"
    },
    {
      "@id": "https://d-nb.info/gnd/119706660",
      "relationship": "VD-16 Mitverf.",
      "preferredName": "Esaias Hermann"
    },
    {
      "@id": "https://d-nb.info/gnd/120469154",
      "relationship": "VD-16 Mitverf.",
      "preferredName": "Zacharias Hermann"
    },
    {
      "@id": "https://d-nb.info/gnd/119830353",
      "relationship": "VD-16 Mitverf.",
      "preferredName": "Sebastian Serifaber"
    },
    {
      "@id": "https://d-nb.info/gnd/119772566",
      "relationship": "VD-16 Mitverf.",
      "preferredName": "Valentin Neothebelus"
    },
    {
      "@id": "https://d-nb.info/gnd/119853620",
      "relationship": "VD-16 Mitverf.",
      "preferredName": "Daniel Twaraske"
    },
    {
      "@id": "https://d-nb.info/gnd/119789949",
      "relationship": "VD-16 Mitverf.",
      "preferredName": "Stephan Plachetsky\u0301"
    },
    {
      "@id": "https://d-nb.info/gnd/120172976",
      "relationship": "VD-16 Mitverf.",
      "preferredName": "Melchior Eckhart"
    }
  ],
  "sameAs": [
    {
      "@id": "https://d-nb.info/gnd/119781476/about",
      "collection": {
        "abbr": "DNB",
        "name": "Gemeinsame Normdatei (GND) im Katalog der Deutschen Nationalbibliothek",
        "publisher": "Deutsche Nationalbibliothek",
        "icon": "https://www.dnb.de/SiteGlobals/Frontend/DNBWeb/Images/favicon.png?__blob=normal&v=4"
      }
    },
    {
      "@id": "https://raa.gf-franken.de/de/suche-nach-stammbuechern.html?permaLink=1593_paritius",
      "collection": {
        "abbr": "RAAS",
        "name": "Repertorium Alborum Amicorum (RAA) - Stammb\u00fccher",
        "publisher": "Department Germanistik und Komparatistik der Friedrich-Alexander-Universit\u00e4t Erlangen-N\u00fcrnberg in Zusammenarbeit mit der Gesellschaft f\u00fcr Familienforschung in Franken",
        "icon": "https://www.gf-franken.de/favicon.ico"
      }
    },
    {
      "@id": "http://viaf.org/viaf/27888627",
      "collection": {
        "abbr": "VIAF",
        "name": "Virtual International Authority File (VIAF)",
        "publisher": "OCLC",
        "icon": "https://viaf.org/viaf/images/viaf.ico"
      }
    }
  ]
}