{
  "@context": "http://hub.culturegraph.org/entityfacts/context/v1/entityfacts.jsonld",
  "@id": "https://d-nb.info/gnd/119780445",
  "describedBy": {
    "valid": "2026-04-26T23:39:47Z",
    "license": "https://creativecommons.org/publicdomain/zero/1.0/",
    "@id": "https://hub.culturegraph.org/entityfacts/119780445"
  },
  "preferredName": "Johannes Paludius",
  "surname": "Paludius",
  "forename": "Johannes",
  "periodOfActivity": "1590\u20131619",
  "@type": "person",
  "variantName": [
    "Ioannes Paludius",
    "Joannes Paludius",
    "Johann Paludius"
  ],
  "placeOfBirth": [
    {
      "preferredName": "Brieg <Schlesien>"
    }
  ],
  "professionOrOccupation": [
    {
      "@id": "https://d-nb.info/gnd/4160414-3",
      "preferredName": "Hofmeister"
    }
  ],
  "biographicalOrHistoricalInformation": "1590 in Wittenberg immatrikuliert; 1595 in Basel u. 1596 in Genf, Hofmeister der Familie Za\u0301str\u030cizel; gestorben vor 1619",
  "relatedPerson": [
    {
      "relationship": "VD-16 Mitverf.",
      "preferredName": "Dioscorides Pedacius"
    },
    {
      "@id": "https://d-nb.info/gnd/119814951",
      "relationship": "VD-16 Mitverf.",
      "preferredName": "Jean Antoine Sarazin"
    },
    {
      "@id": "https://d-nb.info/gnd/119833468",
      "relationship": "VD-16 Mitverf.",
      "preferredName": "Theodor Smeleius"
    },
    {
      "@id": "https://d-nb.info/gnd/119721244",
      "relationship": "VD-16 Mitverf.",
      "preferredName": "Georg Jenisch"
    },
    {
      "relationship": "Havelberg; VD-16 Mitverf.",
      "preferredName": "Johannes Lange"
    },
    {
      "@id": "https://d-nb.info/gnd/116467541",
      "relationship": "VD-16 Mitverf.",
      "preferredName": "Isaac Casaubon"
    },
    {
      "@id": "https://d-nb.info/gnd/119006464",
      "relationship": "VD-16 Mitverf.",
      "preferredName": "Johannes Posthius"
    },
    {
      "@id": "https://d-nb.info/gnd/117256145",
      "relationship": "VD-16 Mitverf.",
      "preferredName": "Eberhard von Weyhe"
    },
    {
      "@id": "https://d-nb.info/gnd/118662864",
      "relationship": "VD-16 Mitverf.",
      "preferredName": "The\u0301odore de Be\u0300ze"
    },
    {
      "relationship": "VD-16 Mitverf.",
      "preferredName": "Paul Schede"
    }
  ],
  "sameAs": [
    {
      "@id": "https://d-nb.info/gnd/119780445/about",
      "collection": {
        "abbr": "DNB",
        "name": "Gemeinsame Normdatei (GND) im Katalog der Deutschen Nationalbibliothek",
        "publisher": "Deutsche Nationalbibliothek",
        "icon": "https://www.dnb.de/SiteGlobals/Frontend/DNBWeb/Images/favicon.png?__blob=normal&v=4"
      }
    },
    {
      "@id": "https://kalliope-verbund.info/gnd/119780445",
      "collection": {
        "abbr": "DE-611",
        "name": "Kalliope Verbundkatalog",
        "publisher": "Staatsbibliothek zu Berlin - Preu\u00dfischer Kulturbesitz",
        "icon": "https://kalliope-verbund.info/img/favicon.ico"
      }
    },
    {
      "@id": "https://raa.gf-franken.de/de/suche-nach-stammbucheintraegen.html?permaLink=1591_brtnicky;109",
      "collection": {
        "abbr": "RAAE",
        "name": "Repertorium Alborum Amicorum (RAA) - Stammbucheintr\u00e4ge",
        "publisher": "Department Germanistik und Komparatistik der Friedrich-Alexander-Universit\u00e4t Erlangen-N\u00fcrnberg in Zusammenarbeit mit der Gesellschaft f\u00fcr Familienforschung in Franken",
        "icon": "https://www.gf-franken.de/favicon.ico"
      }
    },
    {
      "@id": "https://raa.gf-franken.de/de/suche-nach-stammbucheintraegen.html?permaLink=1600_rindfleisch;2",
      "collection": {
        "abbr": "RAAE",
        "name": "Repertorium Alborum Amicorum (RAA) - Stammbucheintr\u00e4ge",
        "publisher": "Department Germanistik und Komparatistik der Friedrich-Alexander-Universit\u00e4t Erlangen-N\u00fcrnberg in Zusammenarbeit mit der Gesellschaft f\u00fcr Familienforschung in Franken",
        "icon": "https://www.gf-franken.de/favicon.ico"
      }
    },
    {
      "@id": "http://viaf.org/viaf/122145541829796600637",
      "collection": {
        "abbr": "VIAF",
        "name": "Virtual International Authority File (VIAF)",
        "publisher": "OCLC",
        "icon": "https://viaf.org/viaf/images/viaf.ico"
      }
    }
  ]
}